{"id":6297,"date":"2018-09-09T19:19:29","date_gmt":"2018-09-10T00:19:29","guid":{"rendered":"https:\/\/www.eppetroecuador.ec\/?p=6297"},"modified":"2018-09-09T19:19:29","modified_gmt":"2018-09-10T00:19:29","slug":"ep-petroecuador-controla-derrame-en-poliducto-esmeraldas-santo-domingo","status":"publish","type":"post","link":"https:\/\/www.eppetroecuador.ec\/?p=6297","title":{"rendered":"EP Petroecuador controla derrame en Poliducto Esmeraldas &#8211; Santo Domingo"},"content":{"rendered":"<p>El personal t\u00e9cnico de EP Petroecuador detect\u00f3 hoy, 09 de septiembre de 2018, a las 13h04,\u00a0 una variaci\u00f3n de la presi\u00f3n de descarga en el Poliducto Esmeraldas \u2013 Santo Domingo \u2013 Quito, a causa de un derrame de Di\u00e9sel Premium en el PK 73+300, en Cupa, sector Quinind\u00e9, ante lo cual, se procedi\u00f3 a parar la operaci\u00f3n para controlar el incidente de manera inmediata.<\/p>\n<p>Los t\u00e9cnicos observaron condiciones operativas anormales en el caudal de bombeo de la Estaci\u00f3n Santo Domingo, por lo que se decidi\u00f3 paralizar las operaciones del Poliducto y verificar la presi\u00f3n de descarga de la Estaci\u00f3n Cabecera Esmeradas, la misma que se disminuy\u00f3 paulatinamente para evitar un mayor incidente.<\/p>\n<p>De manera inmediata, el personal de EP Petroecuador activ\u00f3 el Plan de Contingencia y Remediaci\u00f3n aplicables al sector. Adem\u00e1s, puso en marcha el Convenio de Ayuda Mutua entre EP Petroecuador y OCP Ecuador S.A.<\/p>\n<p>Al momento, se encuentra controlada la situaci\u00f3n y se contin\u00faa trabajando en el \u00e1rea afectada. Una vez que se cuantifique el volumen del producto se remitir\u00e1 el informe final a los entes de control como la Agencia de Regulaci\u00f3n y Control Hidrocarbur\u00edfero (ARCH) y \u00a0el Ministerio del Ambiente (MAE).<\/p>\n<p>La planificaci\u00f3n de las tareas de limpieza y remediaci\u00f3n ser\u00e1n aprobadas por el Ministerio del Ambiente (MAE).<\/p>\n","protected":false},"excerpt":{"rendered":"<p class=\"excerpt\">El personal t\u00e9cnico de EP Petroecuador detect\u00f3 hoy, 09 de septiembre de 2018, a las 13h04,\u00a0 una variaci\u00f3n de la presi\u00f3n de descarga en el Poliducto Esmeraldas \u2013 Santo Domingo \u2013 Quito, a causa de un derrame de Di\u00e9sel Premium en el PK 73+300, en Cupa, sector Quinind\u00e9, ante lo cual, se procedi\u00f3 a parar la operaci\u00f3n para controlar el&hellip; <a href=\"https:\/\/www.eppetroecuador.ec\/?p=6297\">Read more &rarr;<\/a><\/p>\n","protected":false},"author":5,"featured_media":6293,"comment_status":"open","ping_status":"open","sticky":false,"template":"","format":"standard","meta":[],"categories":[5,6],"tags":[],"_links":{"self":[{"href":"https:\/\/www.eppetroecuador.ec\/index.php?rest_route=\/wp\/v2\/posts\/6297"}],"collection":[{"href":"https:\/\/www.eppetroecuador.ec\/index.php?rest_route=\/wp\/v2\/posts"}],"about":[{"href":"https:\/\/www.eppetroecuador.ec\/index.php?rest_route=\/wp\/v2\/types\/post"}],"author":[{"embeddable":true,"href":"https:\/\/www.eppetroecuador.ec\/index.php?rest_route=\/wp\/v2\/users\/5"}],"replies":[{"embeddable":true,"href":"https:\/\/www.eppetroecuador.ec\/index.php?rest_route=%2Fwp%2Fv2%2Fcomments&post=6297"}],"version-history":[{"count":4,"href":"https:\/\/www.eppetroecuador.ec\/index.php?rest_route=\/wp\/v2\/posts\/6297\/revisions"}],"predecessor-version":[{"id":6312,"href":"https:\/\/www.eppetroecuador.ec\/index.php?rest_route=\/wp\/v2\/posts\/6297\/revisions\/6312"}],"wp:featuredmedia":[{"embeddable":true,"href":"https:\/\/www.eppetroecuador.ec\/index.php?rest_route=\/wp\/v2\/media\/6293"}],"wp:attachment":[{"href":"https:\/\/www.eppetroecuador.ec\/index.php?rest_route=%2Fwp%2Fv2%2Fmedia&parent=6297"}],"wp:term":[{"taxonomy":"category","embeddable":true,"href":"https:\/\/www.eppetroecuador.ec\/index.php?rest_route=%2Fwp%2Fv2%2Fcategories&post=6297"},{"taxonomy":"post_tag","embeddable":true,"href":"https:\/\/www.eppetroecuador.ec\/index.php?rest_route=%2Fwp%2Fv2%2Ftags&post=6297"}],"curies":[{"name":"wp","href":"https:\/\/api.w.org\/{rel}","templated":true}]}}