{"id":5542,"date":"2016-06-30T16:42:03","date_gmt":"2016-06-30T21:42:03","guid":{"rendered":"http:\/\/www.petroamazonas.gob.ec\/?p=5542"},"modified":"2016-06-30T16:42:03","modified_gmt":"2016-06-30T21:42:03","slug":"comunicado-de-prensa-4","status":"publish","type":"post","link":"https:\/\/www.eppetroecuador.ec\/?p=5542","title":{"rendered":"Comunicado de prensa"},"content":{"rendered":"<p>&nbsp;<\/p>\n<p>El Gerente General de EP Petroecuador, Ing. Pedro Merizalde, en conferencia de prensa, aclar\u00f3 informaci\u00f3n que ha estado circulando en las \u00faltimas semanas en los medios de comunicaci\u00f3n.<\/p>\n<p>Respecto a la apertura de una empresa en Panam\u00e1, el Gerente de EP Petroecuador puntualiz\u00f3:<\/p>\n<p>&nbsp;<\/p>\n<p>\u201cLa compa\u00f1\u00eda Horgan Investment Inc., constituida en octubre de 2012 en Panam\u00e1, responde a un emprendimiento profesional internacional.<\/p>\n<p>En ese entonces realic\u00e9 los tr\u00e1mites para formar esta compa\u00f1\u00eda, pero esta sociedad nunca oper\u00f3, ni gener\u00f3 ning\u00fan tipo de actividad comercial, as\u00ed como ning\u00fan movimiento financiero; lo que implica que <strong>no representa valor patrimonial alguno\u201d. <\/strong><\/p>\n<p>Documentaci\u00f3n de respaldo presentado:<\/p>\n<p>&nbsp;<\/p>\n<ol>\n<li>Documento oficial del Ministerio de Comercio e Industrias de Panam\u00e1 que certifica que en el sistema \u201cPanam\u00e1 Emprende\u201d, donde se registran las empresas en dicho pa\u00eds, <strong>\u201cno se encuentra registrado el aviso de operaci\u00f3n bajo el nombre de raz\u00f3n social Horgan Investment\u201d. <\/strong>El aviso de operaciones es un requisito para empezar cualquier actividad comercial en Panam\u00e1. <strong>Entonces no existieron operaciones comerciales. <\/strong><\/li>\n<\/ol>\n<p>&nbsp;<\/p>\n<ol start=\"2\">\n<li>Declaraci\u00f3n notarial jurada, otorgada en Panam\u00e1, que certifica, <strong>\u201cque la sociedad Horgan Investment no ha tramitado aviso de operaciones en el Ministerio de Comercio e Industrias, seg\u00fan consta en los archivos de la instituci\u00f3n, para poder ejercer la actividad comercial dentro del territorio de Rep\u00fablica de Panam\u00e1\u201d. Por lo tanto, la empresa no tuvo operaciones ni ingresos. <\/strong><\/li>\n<\/ol>\n<p>&nbsp;<\/p>\n<ol start=\"3\">\n<li>Documento oficial de la Direcci\u00f3n General de Ingresos de la Rep\u00fablica de Panam\u00e1, que certifica que: <strong>la sociedad Horgan Investment no ha presentado declaraci\u00f3n de renta desde su creaci\u00f3n hasta la fecha actual. Lo que significa que no tuvo ning\u00fan ingreso. <\/strong><\/li>\n<\/ol>\n<p>&nbsp;<\/p>\n<ol start=\"4\">\n<li>Documento de la Superintendencia de Compa\u00f1\u00edas y Seguros de Ecuador, que certifica que: <strong>\u201crevisados los archivos magn\u00e9ticos de esta instituci\u00f3n y a la fecha, no figura registrada como sociedad de comercio, sujeta a nuestro control, la compa\u00f1\u00eda extranjera Horgan Investment.\u201d Lo que significa que esta firma no tuvo actividad comercial en el pa\u00eds. <\/strong><\/li>\n<\/ol>\n<p>&nbsp;<\/p>\n<p>En conclusi\u00f3n, reiter\u00f3 que, \u201c<strong>nunca lleg\u00f3 a concretarse este emprendimiento, esta sociedad nunca oper\u00f3, ni gener\u00f3 ning\u00fan tipo de actividad comercial, as\u00ed como <\/strong><\/p>\n<p><strong>ning\u00fan movimiento financiero; lo que implica que no representa valor patrimonial alguno\u201d. <\/strong><\/p>\n<p>Con relaci\u00f3n a ex\u00e1menes especiales del ente de control, el Ing. Pedro Merizalde se\u00f1al\u00f3:<\/p>\n<p>&nbsp;<\/p>\n<p>\u201cCon fecha 28 de junio de 2016, present\u00e9 a la Contralor\u00eda General del Estado una declaraci\u00f3n patrimonial juramentada peri\u00f3dica, puntualizando en el ac\u00e1pite de observaciones que: <strong>\u201cla sociedad Horgan Investment nunca oper\u00f3, ni gener\u00f3 ning\u00fan tipo de actividad comercial, lo que implica que no representa valor patrimonial alguno\u201d. <\/strong><\/p>\n<p>Como antecedente, la Contralor\u00eda General del Estado, de oficio, audit\u00f3 mi ejercicio en el cargo p\u00fablico, desde el 18 de enero del 2010 hasta el 30 junio del 2015. Esta entidad determin\u00f3 que: \u201clos movimientos econ\u00f3micos son razonables, es decir, los dep\u00f3sitos y acreditaciones en sus cuentas bancarias; con relaci\u00f3n a consumos y pagos efectuados, son coherentes con los ingresos propios, provenientes de sus remuneraciones y de su actividad personal, por lo tanto, se <strong>concluye que no se observaron en el curso del examen especial elementos objetivos que sustenten un incremento patrimonial no justificado\u201d<\/strong>\u201d.<\/p>\n<p>Con respecto a su actividad profesional, manifest\u00f3:<\/p>\n<p>&nbsp;<\/p>\n<p>\u201cEl trabajo que como profesional he realizado en el sector petrolero por m\u00e1s de 39 a\u00f1os, tanto en el \u00e1mbito p\u00fablico como privado, iniciando como: perforador, operador de estaci\u00f3n, Superintendente de Operaciones, Superintendente de Mantenimiento, Gerente de Petrotransporte, la primera filial de Petroecuador, Presidente Ejecutivo de Emel Sucumb\u00edos, Gerente de Refiner\u00eda del Pac\u00edfico, Ministro de Recursos Naturales No Renovables, y Gerente General de EP Petroecuador, no pueden verse cuestionados por las mal llamadas investigaciones que realizan ciertos medios de comunicaci\u00f3n o los auto denominados expertos petroleros, que en este caso est\u00e1n inconclusas e inexactas. Apelo al buen ejercicio period\u00edstico para que la informaci\u00f3n sea entregada a la ciudadan\u00eda de manera completa y contextualizada\u201d.<\/p>\n<p>Resalt\u00f3 que las declaraciones son realizadas con el respaldo de documentos oficiales, \u201ccon la seriedad que este tema amerita, as\u00ed como con la transparencia y el profesionalismo con los que manejo mis asuntos\u201d, dijo.<\/p>\n<p>Sobre su accionar como Gerente de EP Petroecuador:<\/p>\n<p>&nbsp;<\/p>\n<p>Frente a las vinculaciones que se han pretendido realizar por parte de algunos medios de comunicaci\u00f3n acerca de su accionar y los presuntos hechos il\u00edcitos de su antecesor, inform\u00f3 que el 9 de mayo de 2016, <strong>present\u00f3 una denuncia en contra del se\u00f1or \u00c1lex Bravo. \u201c\u2026 <\/strong>En virtud que como Gerente General de EP Petroecuador, me encontraba en la obligaci\u00f3n de trasladar la informaci\u00f3n pertinente a la Fiscal\u00eda General del Estado, a fin de que esta instituci\u00f3n, con base a sus competencias legales y constitucionales, investigu\u00e9 las actividades relacionadas al accionar del ex Gerente\u201d, manifest\u00f3.<\/p>\n","protected":false},"excerpt":{"rendered":"<p class=\"excerpt\">&nbsp; El Gerente General de EP Petroecuador, Ing. Pedro Merizalde, en conferencia de prensa, aclar\u00f3 informaci\u00f3n que ha estado circulando en las \u00faltimas semanas en los medios de comunicaci\u00f3n. Respecto a la apertura de una empresa en Panam\u00e1, el Gerente de EP Petroecuador puntualiz\u00f3: &nbsp; \u201cLa compa\u00f1\u00eda Horgan Investment Inc., constituida en octubre de 2012 en Panam\u00e1, responde a un&hellip; <a href=\"https:\/\/www.eppetroecuador.ec\/?p=5542\">Read more &rarr;<\/a><\/p>\n","protected":false},"author":5,"featured_media":0,"comment_status":"open","ping_status":"open","sticky":false,"template":"","format":"standard","meta":[],"categories":[5],"tags":[],"_links":{"self":[{"href":"https:\/\/www.eppetroecuador.ec\/index.php?rest_route=\/wp\/v2\/posts\/5542"}],"collection":[{"href":"https:\/\/www.eppetroecuador.ec\/index.php?rest_route=\/wp\/v2\/posts"}],"about":[{"href":"https:\/\/www.eppetroecuador.ec\/index.php?rest_route=\/wp\/v2\/types\/post"}],"author":[{"embeddable":true,"href":"https:\/\/www.eppetroecuador.ec\/index.php?rest_route=\/wp\/v2\/users\/5"}],"replies":[{"embeddable":true,"href":"https:\/\/www.eppetroecuador.ec\/index.php?rest_route=%2Fwp%2Fv2%2Fcomments&post=5542"}],"version-history":[{"count":0,"href":"https:\/\/www.eppetroecuador.ec\/index.php?rest_route=\/wp\/v2\/posts\/5542\/revisions"}],"wp:attachment":[{"href":"https:\/\/www.eppetroecuador.ec\/index.php?rest_route=%2Fwp%2Fv2%2Fmedia&parent=5542"}],"wp:term":[{"taxonomy":"category","embeddable":true,"href":"https:\/\/www.eppetroecuador.ec\/index.php?rest_route=%2Fwp%2Fv2%2Fcategories&post=5542"},{"taxonomy":"post_tag","embeddable":true,"href":"https:\/\/www.eppetroecuador.ec\/index.php?rest_route=%2Fwp%2Fv2%2Ftags&post=5542"}],"curies":[{"name":"wp","href":"https:\/\/api.w.org\/{rel}","templated":true}]}}