{"id":5395,"date":"2018-02-22T11:44:58","date_gmt":"2018-02-22T16:44:58","guid":{"rendered":"https:\/\/www.eppetroecuador.ec\/?p=5395"},"modified":"2018-02-22T11:44:58","modified_gmt":"2018-02-22T16:44:58","slug":"brigadas-medicas-de-petroecuador-atienden-a-pobladores-de-carchi","status":"publish","type":"post","link":"https:\/\/www.eppetroecuador.ec\/?p=5395","title":{"rendered":"Brigadas m\u00e9dicas de Petroecuador atienden a pobladores de Carchi"},"content":{"rendered":"<p>Las brigadas m\u00e9dicas de EP Petroecuador brindar\u00e1n atenci\u00f3n gratuita a los pobladores de diferentes comunidades de la provincia de Carchi. Esta actividad se realiza como parte de la pol\u00edtica de responsabilidad social que mantiene la empresa p\u00fablica en todas las zonas de influencia a su operaci\u00f3n.<\/p>\n<p>Durante tres d\u00edas, desde el mi\u00e9rcoles 21 hasta el viernes 23 de febrero, los beneficiarios recibir\u00e1n atenci\u00f3n en medicina general, odontolog\u00eda y optometr\u00eda; adem\u00e1s de la entrega gratuita de medicinas e implementos para la \u00e9poca invernal, como botas de caucho y kits de aseo.<\/p>\n<p>Las brigadas m\u00e9dicas iniciaron en el cant\u00f3n de San Pedro de Huaca, espec\u00edficamente en la Estaci\u00f3n de Servicio San Pedro de EP Petroecuador, donde acudieron pobladores de los barrios Paja Blanca Norte, Mirador, San Pedro de la Cruz, Primero de Mayo y El Aliso.<\/p>\n<p>A partir del 22 de febrero se realizar\u00e1n en la casa barrial Las Juntas y en las instalaciones de la Estaci\u00f3n de Servicio Tulc\u00e1n, que pertenece a la empresa p\u00fablica. Finalmente, el viernes 23 ser\u00e1n en el barrio F\u00e1tima.<\/p>\n<p>Todas estas acciones est\u00e1n encaminadas a que los pobladores beneficiados mejoren su calidad de vida, especialmente los grupos prioritarios, como son personas de la tercera edad y ni\u00f1os.<\/p>\n","protected":false},"excerpt":{"rendered":"<p class=\"excerpt\">Las brigadas m\u00e9dicas de EP Petroecuador brindar\u00e1n atenci\u00f3n gratuita a los pobladores de diferentes comunidades de la provincia de Carchi. Esta actividad se realiza como parte de la pol\u00edtica de responsabilidad social que mantiene la empresa p\u00fablica en todas las zonas de influencia a su operaci\u00f3n. Durante tres d\u00edas, desde el mi\u00e9rcoles 21 hasta el viernes 23 de febrero, los&hellip; <a href=\"https:\/\/www.eppetroecuador.ec\/?p=5395\">Read more &rarr;<\/a><\/p>\n","protected":false},"author":5,"featured_media":5396,"comment_status":"open","ping_status":"open","sticky":false,"template":"","format":"standard","meta":[],"categories":[5,6],"tags":[],"_links":{"self":[{"href":"https:\/\/www.eppetroecuador.ec\/index.php?rest_route=\/wp\/v2\/posts\/5395"}],"collection":[{"href":"https:\/\/www.eppetroecuador.ec\/index.php?rest_route=\/wp\/v2\/posts"}],"about":[{"href":"https:\/\/www.eppetroecuador.ec\/index.php?rest_route=\/wp\/v2\/types\/post"}],"author":[{"embeddable":true,"href":"https:\/\/www.eppetroecuador.ec\/index.php?rest_route=\/wp\/v2\/users\/5"}],"replies":[{"embeddable":true,"href":"https:\/\/www.eppetroecuador.ec\/index.php?rest_route=%2Fwp%2Fv2%2Fcomments&post=5395"}],"version-history":[{"count":3,"href":"https:\/\/www.eppetroecuador.ec\/index.php?rest_route=\/wp\/v2\/posts\/5395\/revisions"}],"predecessor-version":[{"id":5399,"href":"https:\/\/www.eppetroecuador.ec\/index.php?rest_route=\/wp\/v2\/posts\/5395\/revisions\/5399"}],"wp:featuredmedia":[{"embeddable":true,"href":"https:\/\/www.eppetroecuador.ec\/index.php?rest_route=\/wp\/v2\/media\/5396"}],"wp:attachment":[{"href":"https:\/\/www.eppetroecuador.ec\/index.php?rest_route=%2Fwp%2Fv2%2Fmedia&parent=5395"}],"wp:term":[{"taxonomy":"category","embeddable":true,"href":"https:\/\/www.eppetroecuador.ec\/index.php?rest_route=%2Fwp%2Fv2%2Fcategories&post=5395"},{"taxonomy":"post_tag","embeddable":true,"href":"https:\/\/www.eppetroecuador.ec\/index.php?rest_route=%2Fwp%2Fv2%2Ftags&post=5395"}],"curies":[{"name":"wp","href":"https:\/\/api.w.org\/{rel}","templated":true}]}}