{"id":5308,"date":"2016-04-27T09:16:13","date_gmt":"2016-04-27T14:16:13","guid":{"rendered":"http:\/\/www.petroamazonas.gob.ec\/?p=5308"},"modified":"2016-04-27T09:16:13","modified_gmt":"2016-04-27T14:16:13","slug":"petroamazonas-ep-junto-a-los-damnificados-por-el-terremoto","status":"publish","type":"post","link":"https:\/\/www.eppetroecuador.ec\/?p=5308","title":{"rendered":"Petroamazonas EP junto a los damnificados por el terremoto"},"content":{"rendered":"<div><b><\/b><span style=\"font-family: Calibri, sans-serif; font-size: small;\"><span style=\"font-family: 'Century Gothic', sans-serif; font-size: small;\"><b>\u00a0<\/b><\/span><\/span><\/div>\n<div align=\"justify\"><span style=\"font-family: Calibri, sans-serif; font-size: small;\"><span style=\"color: black; font-family: 'Century Gothic', sans-serif; font-size: small;\">Mediante una serie de acciones solidarias, Petroamazonas EP ha venido colaborado con el contingente del terremoto de 7,8 grados que afect\u00f3 a las provincias de Esmeraldas, Manab\u00ed, Los R\u00edos, Guayas el pasado s\u00e1bado 16 de abril cumpliendo con la pol\u00edtica p\u00fablica de atender a poblaciones necesitadas con cuanto est\u00e1 a su disposici\u00f3n.<\/span><\/span><\/div>\n<div align=\"justify\"><span style=\"font-family: Calibri, sans-serif; font-size: small;\"><span style=\"color: black; font-family: 'Century Gothic', sans-serif; font-size: small;\">\u00a0<\/span><\/span><\/div>\n<div align=\"justify\"><span style=\"font-family: Calibri, sans-serif; font-size: small;\"><span style=\"color: black; font-family: 'Century Gothic', sans-serif; font-size: small;\">El Gerente General de la empresa estatal petrolera, Jos\u00e9 Icaza Romero, dispuso activar los protocolos de emergencia con los que cuenta la empresa para ofrecer ayuda inmediata. <\/span><\/span><\/div>\n<div align=\"justify\"><span style=\"font-family: Calibri, sans-serif; font-size: small;\"><span style=\"color: black; font-family: 'Century Gothic', sans-serif; font-size: small;\">Con ello se puso a disposici\u00f3n el avi\u00f3n de Petroamazonas EP para el traslado de efectivos de las Fuerzas Armadas, junto con canes especializados a las zonas afectadas que iniciaron los primeros trabajos de rescate y ayuda humanitaria. <\/span><\/span><\/div>\n<div align=\"justify\"><span style=\"font-family: Calibri, sans-serif; font-size: small;\"><span style=\"color: black; font-family: 'Century Gothic', sans-serif; font-size: small;\">\u00a0<\/span><\/span><\/div>\n<div align=\"justify\"><span style=\"font-family: Calibri, sans-serif; font-size: small;\"><span style=\"color: black; font-family: 'Century Gothic', sans-serif; font-size: small;\">La Unidad de Aviaci\u00f3n de Petroamazonas EP habilit\u00f3 el hangar para que opere de forma temporal como centro de acopio. De esta manera, se permite el env\u00edo de ropa, alimentos, medicinas, entre otros hacia las poblaciones afectadas. <\/span><\/span><\/div>\n<div align=\"justify\"><span style=\"font-family: Calibri, sans-serif; font-size: small;\"><span style=\"color: black; font-family: 'Century Gothic', sans-serif; font-size: small;\">\u00a0<\/span><\/span><\/div>\n<div align=\"justify\"><span style=\"font-family: Calibri, sans-serif; font-size: small;\"><span style=\"color: black; font-family: 'Century Gothic', sans-serif; font-size: small;\">Petroamazonas EP ha entregado m\u00e1s de 1.500 paquetes alimenticios al centro de acopio del Ministerio de Inclusi\u00f3n Econ\u00f3mica y Social (MIES). Las raciones alimenticias contienen, entre otras cosas, arroz, az\u00facar, avena, aceite, hidratantes, barras energ\u00e9ticas, enlatados, agua. Adem\u00e1s, en las oficinas del edificio de la empresa, en Quito, se reciben diariamente donaciones de sus funcionarios. <\/span><\/span><\/div>\n<div align=\"justify\"><span style=\"font-family: Calibri, sans-serif; font-size: small;\"><span style=\"color: black; font-family: 'Century Gothic', sans-serif; font-size: small;\">Para la atenci\u00f3n de personas afectadas por el terremoto, Petroamazonas EP facilit\u00f3 el traslado de siete m\u00e9dicos a territorio, en coordinaci\u00f3n con el Ministerio de Salud P\u00fablica. Hasta el momento se han atendido a m\u00e1s de 960 personas\u00a0 en la parroquia Cojim\u00edes, en las comunidades El Aguacate, El Churo, Pueblo Nuevo, La Bonita, Nuevo Amanecer, Aguas Fr\u00edas y El Ca\u00f1averal.\u00a0 <\/span><\/span><\/div>\n<div align=\"justify\"><span style=\"font-family: Calibri, sans-serif; font-size: small;\"><span style=\"color: black; font-family: 'Century Gothic', sans-serif; font-size: small;\">\u00a0<\/span><\/span><\/div>\n<div align=\"justify\"><span style=\"font-family: Calibri, sans-serif; font-size: small;\"><span style=\"color: black; font-family: 'Century Gothic', sans-serif; font-size: small;\">La estatal petrolera ha promovido que<\/span> <span style=\"font-family: 'Century Gothic', sans-serif; font-size: small;\">varias<\/span><span style=\"color: black; font-family: 'Century Gothic', sans-serif; font-size: small;\"> empresas privadas del sector hidrocarbur\u00edfero, entreguen vituallas en los centros de acopio oficiales. Las donaciones llegan de forma planificada. La ayuda se mantendr\u00e1 y se sumar\u00e1n m\u00e1s compa\u00f1\u00edas que ofertan servicios petroleros.\u00a0 <\/span><\/span><\/div>\n<div align=\"justify\"><span style=\"font-family: Calibri, sans-serif; font-size: small;\"><span style=\"color: black; font-family: 'Century Gothic', sans-serif; font-size: small;\">\u00a0<\/span><\/span><\/div>\n<div align=\"justify\"><span style=\"font-family: Calibri, sans-serif; font-size: small;\"><span style=\"color: black; font-family: 'Century Gothic', sans-serif; font-size: small;\">Todas estas acciones son la muestra de que Petroamazonas EP est\u00e1 conformada por ecuatorianos comprometidos y solidarios. Les invitamos a seguir\u00a0 trabajando desde nuestros espacios y \u00a0promo<\/span><span style=\"font-family: 'Century Gothic', sans-serif; font-size: small;\">ver <\/span><span style=\"color: black; font-family: 'Century Gothic', sans-serif; font-size: small;\">el apoyo para que nuestros hermanos afectados superen lo m\u00e1s pronto est<\/span><span style=\"font-family: 'Century Gothic', sans-serif; font-size: small;\">a<\/span><span style=\"color: black; font-family: 'Century Gothic', sans-serif; font-size: small;\"> dif\u00edcil situaci\u00f3n.<\/span><\/span><\/div>\n<p>&nbsp;<\/p>\n","protected":false},"excerpt":{"rendered":"<p class=\"excerpt\">\u00a0 Mediante una serie de acciones solidarias, Petroamazonas EP ha venido colaborado con el contingente del terremoto de 7,8 grados que afect\u00f3 a las provincias de Esmeraldas, Manab\u00ed, Los R\u00edos, Guayas el pasado s\u00e1bado 16 de abril cumpliendo con la pol\u00edtica p\u00fablica de atender a poblaciones necesitadas con cuanto est\u00e1 a su disposici\u00f3n. \u00a0 El Gerente General de la empresa&hellip; <a href=\"https:\/\/www.eppetroecuador.ec\/?p=5308\">Read more &rarr;<\/a><\/p>\n","protected":false},"author":5,"featured_media":5309,"comment_status":"open","ping_status":"open","sticky":false,"template":"","format":"standard","meta":[],"categories":[5],"tags":[],"_links":{"self":[{"href":"https:\/\/www.eppetroecuador.ec\/index.php?rest_route=\/wp\/v2\/posts\/5308"}],"collection":[{"href":"https:\/\/www.eppetroecuador.ec\/index.php?rest_route=\/wp\/v2\/posts"}],"about":[{"href":"https:\/\/www.eppetroecuador.ec\/index.php?rest_route=\/wp\/v2\/types\/post"}],"author":[{"embeddable":true,"href":"https:\/\/www.eppetroecuador.ec\/index.php?rest_route=\/wp\/v2\/users\/5"}],"replies":[{"embeddable":true,"href":"https:\/\/www.eppetroecuador.ec\/index.php?rest_route=%2Fwp%2Fv2%2Fcomments&post=5308"}],"version-history":[{"count":0,"href":"https:\/\/www.eppetroecuador.ec\/index.php?rest_route=\/wp\/v2\/posts\/5308\/revisions"}],"wp:featuredmedia":[{"embeddable":true,"href":"https:\/\/www.eppetroecuador.ec\/index.php?rest_route=\/"}],"wp:attachment":[{"href":"https:\/\/www.eppetroecuador.ec\/index.php?rest_route=%2Fwp%2Fv2%2Fmedia&parent=5308"}],"wp:term":[{"taxonomy":"category","embeddable":true,"href":"https:\/\/www.eppetroecuador.ec\/index.php?rest_route=%2Fwp%2Fv2%2Fcategories&post=5308"},{"taxonomy":"post_tag","embeddable":true,"href":"https:\/\/www.eppetroecuador.ec\/index.php?rest_route=%2Fwp%2Fv2%2Ftags&post=5308"}],"curies":[{"name":"wp","href":"https:\/\/api.w.org\/{rel}","templated":true}]}}