{"id":5156,"date":"2018-01-12T13:53:50","date_gmt":"2018-01-12T18:53:50","guid":{"rendered":"https:\/\/www.eppetroecuador.ec\/?p=5156"},"modified":"2018-01-12T13:53:50","modified_gmt":"2018-01-12T18:53:50","slug":"universitarios-conocieron-sobre-las-perspectivas-del-sector-hidrocarburifero-2018","status":"publish","type":"post","link":"https:\/\/www.eppetroecuador.ec\/?p=5156","title":{"rendered":"Universitarios conocieron sobre las perspectivas del sector hidrocarbur\u00edfero 2018"},"content":{"rendered":"<p>Los proyectos m\u00e1s importantes del sector petrolero, fueron expuestos hoy en la Universidad Estatal Pen\u00ednsula de Santa Elena (Santa Elena), durante el Foro \u2018Perspectivas del Sector Hidrocarbur\u00edfero 2018\u2019, que cont\u00f3 con las ponencias del Ministro de Hidrocarburos, Ing. Carlos P\u00e9rez y del Gerente General de EP Petroecuador, Ing. Carlos Tejada.<\/p>\n<p>Durante su ponencia, el Gerente General de EP Petroecuador, manifest\u00f3 que las perspectivas empresariales 2018 de Petroecuador se enmarcan en nuevos proyectos como la Refiner\u00eda del Aromo, que ser\u00e1 de alta conversi\u00f3n. \u201cProveer\u00e1 de derivados de alta calidad que aporten a la reducci\u00f3n de las importaciones\u201d, asegur\u00f3 el Gerente General de Petroecuador.<\/p>\n<p>Adem\u00e1s, el ingeniero Tejada afirm\u00f3 que las pol\u00edticas de la empresa est\u00e1n alineadas con el Gobierno Nacional y con el Ministerio de Hidrocarburos.<\/p>\n<p>Asimismo, el Gerente General de Petroecuador, expres\u00f3 que para evidenciar la responsabilidad social y ambiental con la que trabaja Petroecuador,\u00a0 se cuenta con la Planta de Azufre en Refiner\u00eda Esmeraldas, que procesa 12 toneladas de azufre diarias.<\/p>\n<p>Tambi\u00e9n indic\u00f3 que se busca aumentar la\u00a0 participaci\u00f3n en el mercado de la comercializadora de Petroecuador al 26% y que inici\u00f3 la operaci\u00f3n en cuatro Dep\u00f3sitos de Pesca Artesanal, ubicados en Chamanga, Crucita, Puerto L\u00f3pez y Cojim\u00edes.<\/p>\n<p>El Gerente General de Petroecuador, a\u00f1adi\u00f3 que un nuevo proyecto para este 2018, es el mejoramiento de la calidad de los combustibles.<\/p>\n<p>Por su parte, el Ministro de Hidrocarburos, Carlos P\u00e9rez, durante su conferencia, dijo que se busca promover nuevas inversiones en el sector, ya sea de empresas nacionales o internacionales que cuenten con solvencia t\u00e9cnica y econ\u00f3mica.<\/p>\n<p>El principal del Ministerio de Hidrocarburos, manifest\u00f3 que se emplean modalidades &#8216;spot&#8217; y a &#8216;largo plazo&#8217; que permitan aprovechar los picos y variaciones del mercado internacional del petr\u00f3leo.\u00a0 \u00abHoy nuestro sector trabaja conjuntamente para lograr la eficiencia en las actividades que realizamos\u00bb, asegur\u00f3 el ingeniero\u00a0 P\u00e9rez.<\/p>\n<p>Por otra parte, afirm\u00f3 que la reducci\u00f3n de producci\u00f3n de La Organizaci\u00f3n de Pa\u00edses Exportadores de Petr\u00f3leo (OPEP), ha dado resultados positivos, por esta raz\u00f3n el pa\u00eds apoya esta medida. \u00abLa producci\u00f3n nacional de petr\u00f3leo est\u00e1 aproximadamente entre los 515 mil a 520 mil barriles diarios\u00bb, explic\u00f3 el Ministro de Hidrocarburos.<\/p>\n<p>Dijo adem\u00e1s que se est\u00e1 utilizando tecnolog\u00eda de punta para el desarrollo del Bloque 43-ITT e implementamos Planes de Manejo Ambiental para garantizar una operaci\u00f3n responsable.<\/p>\n<p><a href=\"http:\/\/www.eppetroecuador.ec\/wp-content\/uploads\/2018\/01\/Foro-4.jpg\"><img decoding=\"async\" loading=\"lazy\" class=\"alignnone size-medium wp-image-5160\" src=\"http:\/\/www.eppetroecuador.ec\/wp-content\/uploads\/2018\/01\/Foro-4-300x200.jpg\" alt=\"\" width=\"300\" height=\"200\" srcset=\"https:\/\/www.eppetroecuador.ec\/wp-content\/uploads\/2018\/01\/Foro-4-300x200.jpg 300w, https:\/\/www.eppetroecuador.ec\/wp-content\/uploads\/2018\/01\/Foro-4-768x512.jpg 768w, https:\/\/www.eppetroecuador.ec\/wp-content\/uploads\/2018\/01\/Foro-4.jpg 1024w, https:\/\/www.eppetroecuador.ec\/wp-content\/uploads\/2018\/01\/Foro-4-24x16.jpg 24w, https:\/\/www.eppetroecuador.ec\/wp-content\/uploads\/2018\/01\/Foro-4-36x24.jpg 36w, https:\/\/www.eppetroecuador.ec\/wp-content\/uploads\/2018\/01\/Foro-4-48x32.jpg 48w\" sizes=\"(max-width: 300px) 100vw, 300px\" \/><\/a><\/p>\n<p><a href=\"http:\/\/www.eppetroecuador.ec\/wp-content\/uploads\/2018\/01\/Foro-5.jpg\"><img decoding=\"async\" loading=\"lazy\" class=\"alignnone size-large wp-image-5161\" src=\"http:\/\/www.eppetroecuador.ec\/wp-content\/uploads\/2018\/01\/Foro-5-1024x683.jpg\" alt=\"\" width=\"750\" height=\"500\" srcset=\"https:\/\/www.eppetroecuador.ec\/wp-content\/uploads\/2018\/01\/Foro-5.jpg 1024w, https:\/\/www.eppetroecuador.ec\/wp-content\/uploads\/2018\/01\/Foro-5-300x200.jpg 300w, https:\/\/www.eppetroecuador.ec\/wp-content\/uploads\/2018\/01\/Foro-5-768x512.jpg 768w, https:\/\/www.eppetroecuador.ec\/wp-content\/uploads\/2018\/01\/Foro-5-24x16.jpg 24w, https:\/\/www.eppetroecuador.ec\/wp-content\/uploads\/2018\/01\/Foro-5-36x24.jpg 36w, https:\/\/www.eppetroecuador.ec\/wp-content\/uploads\/2018\/01\/Foro-5-48x32.jpg 48w\" sizes=\"(max-width: 750px) 100vw, 750px\" \/><\/a><\/p>\n<p><a href=\"http:\/\/www.eppetroecuador.ec\/wp-content\/uploads\/2018\/01\/Perez-3.jpg\"><img decoding=\"async\" loading=\"lazy\" class=\"alignnone size-large wp-image-5162\" src=\"http:\/\/www.eppetroecuador.ec\/wp-content\/uploads\/2018\/01\/Perez-3-1024x683.jpg\" alt=\"\" width=\"750\" height=\"500\" srcset=\"https:\/\/www.eppetroecuador.ec\/wp-content\/uploads\/2018\/01\/Perez-3.jpg 1024w, https:\/\/www.eppetroecuador.ec\/wp-content\/uploads\/2018\/01\/Perez-3-300x200.jpg 300w, https:\/\/www.eppetroecuador.ec\/wp-content\/uploads\/2018\/01\/Perez-3-768x512.jpg 768w, https:\/\/www.eppetroecuador.ec\/wp-content\/uploads\/2018\/01\/Perez-3-24x16.jpg 24w, https:\/\/www.eppetroecuador.ec\/wp-content\/uploads\/2018\/01\/Perez-3-36x24.jpg 36w, https:\/\/www.eppetroecuador.ec\/wp-content\/uploads\/2018\/01\/Perez-3-48x32.jpg 48w\" sizes=\"(max-width: 750px) 100vw, 750px\" \/><\/a><\/p>\n<p><a href=\"http:\/\/www.eppetroecuador.ec\/wp-content\/uploads\/2018\/01\/Tejada-2.jpg\"><img decoding=\"async\" loading=\"lazy\" class=\"alignnone size-large wp-image-5163\" src=\"http:\/\/www.eppetroecuador.ec\/wp-content\/uploads\/2018\/01\/Tejada-2-1024x683.jpg\" alt=\"\" width=\"750\" height=\"500\" srcset=\"https:\/\/www.eppetroecuador.ec\/wp-content\/uploads\/2018\/01\/Tejada-2.jpg 1024w, https:\/\/www.eppetroecuador.ec\/wp-content\/uploads\/2018\/01\/Tejada-2-300x200.jpg 300w, https:\/\/www.eppetroecuador.ec\/wp-content\/uploads\/2018\/01\/Tejada-2-768x512.jpg 768w, https:\/\/www.eppetroecuador.ec\/wp-content\/uploads\/2018\/01\/Tejada-2-24x16.jpg 24w, https:\/\/www.eppetroecuador.ec\/wp-content\/uploads\/2018\/01\/Tejada-2-36x24.jpg 36w, https:\/\/www.eppetroecuador.ec\/wp-content\/uploads\/2018\/01\/Tejada-2-48x32.jpg 48w\" sizes=\"(max-width: 750px) 100vw, 750px\" \/><\/a><\/p>\n","protected":false},"excerpt":{"rendered":"<p class=\"excerpt\">Los proyectos m\u00e1s importantes del sector petrolero, fueron expuestos hoy en la Universidad Estatal Pen\u00ednsula de Santa Elena (Santa Elena), durante el Foro \u2018Perspectivas del Sector Hidrocarbur\u00edfero 2018\u2019, que cont\u00f3 con las ponencias del Ministro de Hidrocarburos, Ing. Carlos P\u00e9rez y del Gerente General de EP Petroecuador, Ing. Carlos Tejada. Durante su ponencia, el Gerente General de EP Petroecuador, manifest\u00f3&hellip; <a href=\"https:\/\/www.eppetroecuador.ec\/?p=5156\">Read more &rarr;<\/a><\/p>\n","protected":false},"author":5,"featured_media":5157,"comment_status":"open","ping_status":"open","sticky":false,"template":"","format":"standard","meta":[],"categories":[5,6],"tags":[],"_links":{"self":[{"href":"https:\/\/www.eppetroecuador.ec\/index.php?rest_route=\/wp\/v2\/posts\/5156"}],"collection":[{"href":"https:\/\/www.eppetroecuador.ec\/index.php?rest_route=\/wp\/v2\/posts"}],"about":[{"href":"https:\/\/www.eppetroecuador.ec\/index.php?rest_route=\/wp\/v2\/types\/post"}],"author":[{"embeddable":true,"href":"https:\/\/www.eppetroecuador.ec\/index.php?rest_route=\/wp\/v2\/users\/5"}],"replies":[{"embeddable":true,"href":"https:\/\/www.eppetroecuador.ec\/index.php?rest_route=%2Fwp%2Fv2%2Fcomments&post=5156"}],"version-history":[{"count":3,"href":"https:\/\/www.eppetroecuador.ec\/index.php?rest_route=\/wp\/v2\/posts\/5156\/revisions"}],"predecessor-version":[{"id":5165,"href":"https:\/\/www.eppetroecuador.ec\/index.php?rest_route=\/wp\/v2\/posts\/5156\/revisions\/5165"}],"wp:featuredmedia":[{"embeddable":true,"href":"https:\/\/www.eppetroecuador.ec\/index.php?rest_route=\/wp\/v2\/media\/5157"}],"wp:attachment":[{"href":"https:\/\/www.eppetroecuador.ec\/index.php?rest_route=%2Fwp%2Fv2%2Fmedia&parent=5156"}],"wp:term":[{"taxonomy":"category","embeddable":true,"href":"https:\/\/www.eppetroecuador.ec\/index.php?rest_route=%2Fwp%2Fv2%2Fcategories&post=5156"},{"taxonomy":"post_tag","embeddable":true,"href":"https:\/\/www.eppetroecuador.ec\/index.php?rest_route=%2Fwp%2Fv2%2Ftags&post=5156"}],"curies":[{"name":"wp","href":"https:\/\/api.w.org\/{rel}","templated":true}]}}