{"id":5149,"date":"2018-01-11T14:07:54","date_gmt":"2018-01-11T19:07:54","guid":{"rendered":"https:\/\/www.eppetroecuador.ec\/?p=5149"},"modified":"2018-01-11T14:07:54","modified_gmt":"2018-01-11T19:07:54","slug":"perspectivas-del-sector-hidrocarburifero-2018","status":"publish","type":"post","link":"https:\/\/www.eppetroecuador.ec\/?p=5149","title":{"rendered":"Perspectivas del Sector Hidrocarbur\u00edfero 2018"},"content":{"rendered":"<p class=\"p1\"><span class=\"s1\">Con la finalidad de dar a conocer las proyecciones de este a\u00f1o en el sector de hidrocarburos, se llev\u00f3 a cabo, en la Escuela Polit\u00e9cnica del Litoral (ESPOL),<span class=\"Apple-converted-space\">\u00a0 <\/span>el Foro \u2018Perspectivas del Sector Hidrocarbur\u00edfero 2018\u2019, que cont\u00f3 con las ponencias del Ministro de Hidrocarburos, Ing. Carlos P\u00e9rez y del Gerente General de EP Petroecuador, Ing. Carlos Tejada.<\/span><\/p>\n<p class=\"p1\"><span class=\"s1\">Durante la ponencia el Ministro Carlos P\u00e9rez explic\u00f3<span class=\"Apple-converted-space\">\u00a0 <\/span>que las pol\u00edticas del Gobierno Nacional con relaci\u00f3n al sector hidrocarbur\u00edfero son atraer y promover nuevas inversiones que aporten a la dinamizaci\u00f3n de la econom\u00eda nacional; trabajar conjuntamente con el sector privado para aprovechar sinergias; emplear modalidades \u201cspot\u201d y a \u201clargo plazo\u201d, que permitan aprovechar los picos y variaciones del mercado internacional del petr\u00f3leo; aplicar nuevos modelos contractuales como el de Participaci\u00f3n; fomentar las negociaciones transparentes, precautelando el inter\u00e9s del Estado ecuatoriano, entre otros aspectos.<\/span><\/p>\n<p class=\"p1\"><span class=\"s1\">Por otra parte, el Ing. P\u00e9rez manifest\u00f3 que los principios de la gesti\u00f3n son: Precautelar los intereses del Estado ecuatoriano; captar inversi\u00f3n a largo plazo y con valor agregado; gesti\u00f3n directa con empresas para solucionar situaciones pendientes en el marco de la regulaci\u00f3n vigente; incentivar la eficiencia institucional; fomentar alianzas interinstitucionales con la finalidad de aprovechar sinergias.<\/span><\/p>\n<p class=\"p1\"><span class=\"s1\">El Ministro de Hidrocarburos indic\u00f3 que seg\u00fan el reporte de la compa\u00f1\u00eda brit\u00e1nica British Petroleum del 2016, Ecuador cuenta con 8 mil millones de barriles de reservas recuperables, ubic\u00e1ndolo en el tercer lugar de los pa\u00edses con m\u00e1s reservas de Centro, Suram\u00e9rica y el Caribe.<\/span><\/p>\n<p class=\"p1\"><span class=\"s1\">Adem\u00e1s, dijo que con Ecuador dentro de Organizaci\u00f3n de Pa\u00edses Exportadores de Petr\u00f3leo ( OPEP), se extender\u00e1 la medida de reducci\u00f3n de la producci\u00f3n de petr\u00f3leo con lo cual se busca estabilizar el mercado y lograr precios de petr\u00f3leo en un rango de 50 a 60 d\u00f3lares por barril. <\/span><\/p>\n<p class=\"p1\"><span class=\"s1\">Durante la ponencia, el Ministro asegur\u00f3 que cuatro empresas privadas invertir\u00e1n USD 804 millones de d\u00f3lares en siete Campos Menores, ubicados en las provincias de Orellana y Sucumb\u00edos.<\/span><\/p>\n<p class=\"p1\"><span class=\"s1\">Se\u00f1al\u00f3 que con el proyecto mar\u00edtimo Monteverde se tiene el objetivo de convertirlo en un \u201cHub\u201d internacional para el almacenamiento y distribuci\u00f3n de derivados limpios para el Pacifico Sur y Asia, aprovechando la infraestructura actual y la privilegiada situaci\u00f3n geogr\u00e1fica.<\/span><\/p>\n<p class=\"p1\"><span class=\"s1\">El<span class=\"Apple-converted-space\">\u00a0 <\/span>Ministro P\u00e9rez afirm\u00f3 que Exxon Mobil ha manifestado su inter\u00e9s de trabajar e invertir a futuro en el pa\u00eds. \u201cAproximadamente hay m\u00e1s de 40 empresas interesadas en invertir en Refiner\u00eda de Manab\u00ed. Se han iniciado conversaciones con empresas norteamericanas, inglesas, rusas y china. Cuatro tienen propuestas que cumplen los requerimientos para invertir en el proyecto\u201d, dijo.<\/span><\/p>\n<p class=\"p1\"><span class=\"s1\">Por su parte, el Gerente de Petroecuador, Carlos Tejada, habl\u00f3 sobre los proyectos de importancia para el pa\u00eds, como: Refiner\u00eda del Manab\u00ed. Este proyecto ser\u00e1 de alta conversi\u00f3n; contar\u00e1 con producci\u00f3n de derivados de alta calidad que aporten a la reducci\u00f3n de la contaminaci\u00f3n; convertir\u00e1 al Ecuador en exportador de derivados a nivel internacional;<span class=\"Apple-converted-space\">\u00a0 <\/span>Planta de Azufre (con esta planta se procesara los gases de las diferentes unidades de proceso para tratarlos y extraer las part\u00edculas de azufre); disminuir la cantidad de azufre de la gasolina y di\u00e9sel a niveles de calidad; disminuir las importaciones de Nafta de Alto Octano (NAO); producir gasolina de 92\/95 octanos con 1% de benceno; Planta de Hidr\u00f3geno; incrementar el transporte de crudo colombiano a trav\u00e9s del SOTE; entre otros.<\/span><\/p>\n<p class=\"p1\"><span class=\"s1\">El Ing. Tejada manifest\u00f3 que es necesario disminuir la importaci\u00f3n de combustibles, pues es<span class=\"Apple-converted-space\">\u00a0 <\/span>un desangre para el pa\u00eds el tener que comprar estos productos. Respecto a la comercializaci\u00f3n nacional de combustibles, se quiere aumentar la participaci\u00f3n en el mercado al 26%; actualmente tenemos un 23%. <\/span><\/p>\n<p class=\"p1\"><span class=\"s1\">Para los pescadores queremos atender de mejor manera la entrega de Pesca Artesanal con el inicio de operaciones en las facilidades pesqueras de Chamanga, Crucita, Puerto L\u00f3pez y Cojim\u00edes.<\/span><\/p>\n<p class=\"p1\"><span class=\"s1\">Tanto el Ministro de Hidrocarburos como el Gerente General de EP Petroecuador interactuaron con los asistentes a fin de absolver sus inquietudes respecto de sus exposiciones.<\/span><\/p>\n<p class=\"p1\">\n<p class=\"p1\"><a href=\"http:\/\/www.eppetroecuador.ec\/wp-content\/uploads\/2018\/01\/WhatsApp-Image-2018-01-11-at-13.58.24.jpeg\"><img decoding=\"async\" loading=\"lazy\" class=\"alignnone size-large wp-image-5152\" src=\"http:\/\/www.eppetroecuador.ec\/wp-content\/uploads\/2018\/01\/WhatsApp-Image-2018-01-11-at-13.58.24-1024x688.jpeg\" alt=\"\" width=\"750\" height=\"504\" srcset=\"https:\/\/www.eppetroecuador.ec\/wp-content\/uploads\/2018\/01\/WhatsApp-Image-2018-01-11-at-13.58.24.jpeg 1024w, https:\/\/www.eppetroecuador.ec\/wp-content\/uploads\/2018\/01\/WhatsApp-Image-2018-01-11-at-13.58.24-300x202.jpeg 300w, https:\/\/www.eppetroecuador.ec\/wp-content\/uploads\/2018\/01\/WhatsApp-Image-2018-01-11-at-13.58.24-768x516.jpeg 768w, https:\/\/www.eppetroecuador.ec\/wp-content\/uploads\/2018\/01\/WhatsApp-Image-2018-01-11-at-13.58.24-24x16.jpeg 24w, https:\/\/www.eppetroecuador.ec\/wp-content\/uploads\/2018\/01\/WhatsApp-Image-2018-01-11-at-13.58.24-36x24.jpeg 36w, https:\/\/www.eppetroecuador.ec\/wp-content\/uploads\/2018\/01\/WhatsApp-Image-2018-01-11-at-13.58.24-48x32.jpeg 48w\" sizes=\"(max-width: 750px) 100vw, 750px\" \/><\/a><\/p>\n<p class=\"p1\"><a href=\"http:\/\/www.eppetroecuador.ec\/wp-content\/uploads\/2018\/01\/WhatsApp-Image-2018-01-11-at-13.58.25-1.jpeg\"><img decoding=\"async\" loading=\"lazy\" class=\"alignnone size-large wp-image-5153\" src=\"http:\/\/www.eppetroecuador.ec\/wp-content\/uploads\/2018\/01\/WhatsApp-Image-2018-01-11-at-13.58.25-1-1024x683.jpeg\" alt=\"\" width=\"750\" height=\"500\" srcset=\"https:\/\/www.eppetroecuador.ec\/wp-content\/uploads\/2018\/01\/WhatsApp-Image-2018-01-11-at-13.58.25-1.jpeg 1024w, https:\/\/www.eppetroecuador.ec\/wp-content\/uploads\/2018\/01\/WhatsApp-Image-2018-01-11-at-13.58.25-1-300x200.jpeg 300w, https:\/\/www.eppetroecuador.ec\/wp-content\/uploads\/2018\/01\/WhatsApp-Image-2018-01-11-at-13.58.25-1-768x512.jpeg 768w, https:\/\/www.eppetroecuador.ec\/wp-content\/uploads\/2018\/01\/WhatsApp-Image-2018-01-11-at-13.58.25-1-24x16.jpeg 24w, https:\/\/www.eppetroecuador.ec\/wp-content\/uploads\/2018\/01\/WhatsApp-Image-2018-01-11-at-13.58.25-1-36x24.jpeg 36w, https:\/\/www.eppetroecuador.ec\/wp-content\/uploads\/2018\/01\/WhatsApp-Image-2018-01-11-at-13.58.25-1-48x32.jpeg 48w\" sizes=\"(max-width: 750px) 100vw, 750px\" \/><\/a><\/p>\n<p class=\"p1\"><a href=\"http:\/\/www.eppetroecuador.ec\/wp-content\/uploads\/2018\/01\/WhatsApp-Image-2018-01-11-at-13.58.25.jpeg\"><img decoding=\"async\" loading=\"lazy\" class=\"alignnone size-large wp-image-5154\" src=\"http:\/\/www.eppetroecuador.ec\/wp-content\/uploads\/2018\/01\/WhatsApp-Image-2018-01-11-at-13.58.25-1024x683.jpeg\" alt=\"\" width=\"750\" height=\"500\" srcset=\"https:\/\/www.eppetroecuador.ec\/wp-content\/uploads\/2018\/01\/WhatsApp-Image-2018-01-11-at-13.58.25.jpeg 1024w, https:\/\/www.eppetroecuador.ec\/wp-content\/uploads\/2018\/01\/WhatsApp-Image-2018-01-11-at-13.58.25-300x200.jpeg 300w, https:\/\/www.eppetroecuador.ec\/wp-content\/uploads\/2018\/01\/WhatsApp-Image-2018-01-11-at-13.58.25-768x512.jpeg 768w, https:\/\/www.eppetroecuador.ec\/wp-content\/uploads\/2018\/01\/WhatsApp-Image-2018-01-11-at-13.58.25-24x16.jpeg 24w, https:\/\/www.eppetroecuador.ec\/wp-content\/uploads\/2018\/01\/WhatsApp-Image-2018-01-11-at-13.58.25-36x24.jpeg 36w, https:\/\/www.eppetroecuador.ec\/wp-content\/uploads\/2018\/01\/WhatsApp-Image-2018-01-11-at-13.58.25-48x32.jpeg 48w\" sizes=\"(max-width: 750px) 100vw, 750px\" \/><\/a><\/p>\n","protected":false},"excerpt":{"rendered":"<p class=\"excerpt\">Con la finalidad de dar a conocer las proyecciones de este a\u00f1o en el sector de hidrocarburos, se llev\u00f3 a cabo, en la Escuela Polit\u00e9cnica del Litoral (ESPOL),\u00a0 el Foro \u2018Perspectivas del Sector Hidrocarbur\u00edfero 2018\u2019, que cont\u00f3 con las ponencias del Ministro de Hidrocarburos, Ing. Carlos P\u00e9rez y del Gerente General de EP Petroecuador, Ing. Carlos Tejada. Durante la ponencia&hellip; <a href=\"https:\/\/www.eppetroecuador.ec\/?p=5149\">Read more &rarr;<\/a><\/p>\n","protected":false},"author":5,"featured_media":5150,"comment_status":"open","ping_status":"open","sticky":false,"template":"","format":"standard","meta":[],"categories":[5,6],"tags":[],"_links":{"self":[{"href":"https:\/\/www.eppetroecuador.ec\/index.php?rest_route=\/wp\/v2\/posts\/5149"}],"collection":[{"href":"https:\/\/www.eppetroecuador.ec\/index.php?rest_route=\/wp\/v2\/posts"}],"about":[{"href":"https:\/\/www.eppetroecuador.ec\/index.php?rest_route=\/wp\/v2\/types\/post"}],"author":[{"embeddable":true,"href":"https:\/\/www.eppetroecuador.ec\/index.php?rest_route=\/wp\/v2\/users\/5"}],"replies":[{"embeddable":true,"href":"https:\/\/www.eppetroecuador.ec\/index.php?rest_route=%2Fwp%2Fv2%2Fcomments&post=5149"}],"version-history":[{"count":2,"href":"https:\/\/www.eppetroecuador.ec\/index.php?rest_route=\/wp\/v2\/posts\/5149\/revisions"}],"predecessor-version":[{"id":5155,"href":"https:\/\/www.eppetroecuador.ec\/index.php?rest_route=\/wp\/v2\/posts\/5149\/revisions\/5155"}],"wp:featuredmedia":[{"embeddable":true,"href":"https:\/\/www.eppetroecuador.ec\/index.php?rest_route=\/wp\/v2\/media\/5150"}],"wp:attachment":[{"href":"https:\/\/www.eppetroecuador.ec\/index.php?rest_route=%2Fwp%2Fv2%2Fmedia&parent=5149"}],"wp:term":[{"taxonomy":"category","embeddable":true,"href":"https:\/\/www.eppetroecuador.ec\/index.php?rest_route=%2Fwp%2Fv2%2Fcategories&post=5149"},{"taxonomy":"post_tag","embeddable":true,"href":"https:\/\/www.eppetroecuador.ec\/index.php?rest_route=%2Fwp%2Fv2%2Ftags&post=5149"}],"curies":[{"name":"wp","href":"https:\/\/api.w.org\/{rel}","templated":true}]}}