{"id":5140,"date":"2018-01-10T15:05:13","date_gmt":"2018-01-10T20:05:13","guid":{"rendered":"https:\/\/www.eppetroecuador.ec\/?p=5140"},"modified":"2018-01-10T15:05:13","modified_gmt":"2018-01-10T20:05:13","slug":"garantizado-el-abastecimiento-de-combustibles-plan-de-paros-programados-de-refineria-esmeraldas-en-el-ano-2018","status":"publish","type":"post","link":"https:\/\/www.eppetroecuador.ec\/?p=5140","title":{"rendered":"Garantizado el abastecimiento de combustibles: Plan de Paros Programados de Refiner\u00eda Esmeraldas en el a\u00f1o 2018"},"content":{"rendered":"<p>El Ministro de Hidrocarburos, Ing. Carlos P\u00e9rez y el Gerente General de EP Petroecuador mantuvieron reuni\u00f3n con el personal t\u00e9cnico de Refiner\u00eda Esmeraldas para tratar asuntos relacionados con el Plan de Paros Programados de este centro refinador.<\/p>\n<p>Este plan de paros es la respuesta ante la calamitosa situaci\u00f3n en que se encontr\u00f3 Refiner\u00eda Esmeraldas despu\u00e9s de la repotenciaci\u00f3n; proceso en el que los trabajos que se realizaron fueron ejecutados de manera incompleta.<\/p>\n<p>&nbsp;<\/p>\n<p>Por este motivo, a ra\u00edz de la detecci\u00f3n de varias complicaciones en la operaci\u00f3n de algunas unidades de Refiner\u00eda Esmeraldas se tomaron acciones para garantizar una operaci\u00f3n segura de la Planta.<\/p>\n<p>El Presidente de la Rep\u00fablica, Lic. Lenin Moreno y el Ministro de Hidrocarburos, Ing. Carlos P\u00e9rez mantienen un seguimiento continuo sobre el problema suscitado tras la rehabilitaci\u00f3n de la mayor planta industrial del Pa\u00eds, y est\u00e1n pendientes de las medidas que toma la actual administraci\u00f3n de EP Petroecuador para dar una soluci\u00f3n definitiva a los inconvenientes suscitados en Refiner\u00eda.<\/p>\n<p><b>Trabajos a realizarse<\/b><\/p>\n<p>En marzo de 2018 se iniciar\u00e1 el Plan de Paros Programados para Mantenimiento de las siguientes unidades:<\/p>\n<p>&nbsp;<\/p>\n<table style=\"height: 214px;\" border=\"1\" width=\"433\" cellspacing=\"0\" cellpadding=\"0\">\n<tbody>\n<tr>\n<td valign=\"top\"><span style=\"color: #000000; font-family: Arial; font-size: medium;\"><b>PLANTA<\/b><\/span><\/td>\n<td valign=\"top\">\n<p align=\"center\"><span style=\"color: #000000; font-family: Arial; font-size: medium;\"><b>TIEMPO<\/b><\/span><\/p>\n<\/td>\n<\/tr>\n<tr>\n<td valign=\"top\"><span style=\"color: #000000; font-family: Arial; font-size: medium;\">Hidrodesulfuradora (HDS).<\/span><\/td>\n<td valign=\"top\">\n<p align=\"justify\"><span style=\"color: #000000; font-family: Arial; font-size: medium;\">15 d\u00edas<\/span><\/p>\n<\/td>\n<\/tr>\n<tr>\n<td valign=\"top\"><span style=\"color: #000000; font-family: Arial; font-size: medium;\">Hidrotratamiento (HDT).<\/span><\/td>\n<td valign=\"top\">\n<p align=\"justify\"><span style=\"color: #000000; font-family: Arial; font-size: medium;\">15 d\u00edas<\/span><\/p>\n<\/td>\n<\/tr>\n<tr>\n<td valign=\"top\"><span style=\"color: #000000; font-family: Arial; font-size: medium;\">Reformadora Catal\u00edtica (CCR).<\/span><\/td>\n<td valign=\"top\">\n<p align=\"justify\"><span style=\"color: #000000; font-family: Arial; font-size: medium;\">15 d\u00edas<\/span><\/p>\n<\/td>\n<\/tr>\n<tr>\n<td valign=\"top\">\n<p align=\"justify\"><span style=\"color: #000000; font-family: Arial; font-size: medium;\"><b>TOTAL<\/b><\/span><\/p>\n<\/td>\n<td valign=\"top\">\n<p align=\"justify\"><span style=\"color: #000000; font-family: Arial; font-size: medium;\">15 d\u00edas<\/span><\/p>\n<\/td>\n<\/tr>\n<\/tbody>\n<\/table>\n<p>&nbsp;<\/p>\n<p>Los trabajos en estas tres plantas se realizar\u00e1n de manera simult\u00e1nea, por lo que el tiempo total ser\u00e1 de 15 d\u00edas.<\/p>\n<p>Este Plan de Paros se extender\u00e1 hasta finales de mayo, e incluir\u00e1 la realizaci\u00f3n de un mantenimiento de la Unidad de Fraccionamiento Catal\u00edtico Fluidizado, seg\u00fan el siguiente detalle:<\/p>\n<p>&nbsp;<\/p>\n<table border=\"1\" cellspacing=\"0\" cellpadding=\"0\">\n<tbody>\n<tr>\n<td valign=\"top\">\n<p align=\"center\"><span style=\"color: #000000; font-family: Arial; font-size: medium;\"><b>ACTIVIDAD<\/b><\/span><\/p>\n<\/td>\n<\/tr>\n<tr>\n<td valign=\"top\">\n<p align=\"justify\"><span style=\"color: #000000; font-family: Arial; font-size: medium;\">Paro y liberaci\u00f3n reactor \u2013 regenerador<\/span><\/p>\n<\/td>\n<\/tr>\n<tr>\n<td valign=\"top\">\n<p align=\"justify\"><span style=\"color: #000000; font-family: Arial; font-size: medium;\">Apertura de equipos, retiro de remanente de catalizador y limpieza.<\/span><\/p>\n<p align=\"justify\"><span style=\"color: #000000; font-family: Arial; font-size: medium;\">Inspecci\u00f3n f\u00edsica.<\/span><\/p>\n<p align=\"justify\"><span style=\"color: #000000; font-family: Arial; font-size: medium;\">Reparaciones de refractario (picado, soldadura de anclajes, mallas).<\/span><\/p>\n<p align=\"justify\"><span style=\"color: #000000; font-family: Arial; font-size: medium;\">Reparaci\u00f3n interna.<\/span><\/p>\n<\/td>\n<\/tr>\n<tr>\n<td valign=\"top\">\n<p align=\"justify\"><span style=\"color: #000000; font-family: Arial; font-size: medium;\">Retiro de aire<\/span><\/p>\n<\/td>\n<\/tr>\n<\/tbody>\n<\/table>\n<p>&nbsp;<\/p>\n<p>Para la ejecuci\u00f3n de estos trabajos se realizaron los an\u00e1lisis t\u00e9cnico-operativos correspondientes y se defini\u00f3 que la mejor opci\u00f3n es:<\/p>\n<p>&nbsp;<\/p>\n<table style=\"height: 130px;\" border=\"1\" width=\"503\" cellspacing=\"0\" cellpadding=\"0\">\n<tbody>\n<tr>\n<td valign=\"top\">\n<p align=\"justify\"><span style=\"color: #000000; font-family: Arial; font-size: medium;\"><b>UNIDADES<\/b><\/span><\/p>\n<\/td>\n<td valign=\"top\">\n<p align=\"justify\"><span style=\"color: #000000; font-family: Arial; font-size: medium;\"><b>2018<\/b><\/span><\/p>\n<\/td>\n<\/tr>\n<tr>\n<td valign=\"top\">\n<p style=\"text-align: left;\" align=\"justify\"><span style=\"color: #000000; font-family: Arial; font-size: medium;\">Paro\u00a0 Programado Catal\u00edtica 1 (Fraccionamiento, Gascon y Merox) y No Catal\u00edtica 1 (incluido horno V-H1).<\/span><\/p>\n<\/td>\n<td valign=\"top\">\n<p align=\"justify\"><span style=\"color: #000000; font-family: Arial; font-size: medium;\">Fecha tentativa a mediados de mayo de<span class=\"Apple-converted-space\">\u00a0 <\/span>2018.<\/span><\/p>\n<\/td>\n<\/tr>\n<\/tbody>\n<\/table>\n<p>&nbsp;<\/p>\n<p>Como siempre, la EP Petroecuador, gracias a las programaciones operativas y coordinaciones correspondientes entre sus Unidades de Negocios, mantiene en stock el volumen suficiente de derivados para garantizar el abastecimiento oportuno y seguro de combustibles en todo el territorio ecuatoriano.<\/p>\n<p>&nbsp;<\/p>\n<p><a href=\"http:\/\/www.eppetroecuador.ec\/wp-content\/uploads\/2018\/01\/WhatsApp-Image-2018-01-10-at-15.02.59.jpeg\"><img decoding=\"async\" loading=\"lazy\" class=\"alignnone size-large wp-image-5143\" src=\"http:\/\/www.eppetroecuador.ec\/wp-content\/uploads\/2018\/01\/WhatsApp-Image-2018-01-10-at-15.02.59-1024x683.jpeg\" alt=\"\" width=\"750\" height=\"500\" srcset=\"https:\/\/www.eppetroecuador.ec\/wp-content\/uploads\/2018\/01\/WhatsApp-Image-2018-01-10-at-15.02.59.jpeg 1024w, https:\/\/www.eppetroecuador.ec\/wp-content\/uploads\/2018\/01\/WhatsApp-Image-2018-01-10-at-15.02.59-300x200.jpeg 300w, https:\/\/www.eppetroecuador.ec\/wp-content\/uploads\/2018\/01\/WhatsApp-Image-2018-01-10-at-15.02.59-768x512.jpeg 768w, https:\/\/www.eppetroecuador.ec\/wp-content\/uploads\/2018\/01\/WhatsApp-Image-2018-01-10-at-15.02.59-24x16.jpeg 24w, https:\/\/www.eppetroecuador.ec\/wp-content\/uploads\/2018\/01\/WhatsApp-Image-2018-01-10-at-15.02.59-36x24.jpeg 36w, https:\/\/www.eppetroecuador.ec\/wp-content\/uploads\/2018\/01\/WhatsApp-Image-2018-01-10-at-15.02.59-48x32.jpeg 48w\" sizes=\"(max-width: 750px) 100vw, 750px\" \/><\/a><\/p>\n<p><a href=\"http:\/\/www.eppetroecuador.ec\/wp-content\/uploads\/2018\/01\/WhatsApp-Image-2018-01-10-at-15.02.32.jpeg\"><img decoding=\"async\" loading=\"lazy\" class=\"alignnone size-large wp-image-5144\" src=\"http:\/\/www.eppetroecuador.ec\/wp-content\/uploads\/2018\/01\/WhatsApp-Image-2018-01-10-at-15.02.32-1024x683.jpeg\" alt=\"\" width=\"750\" height=\"500\" srcset=\"https:\/\/www.eppetroecuador.ec\/wp-content\/uploads\/2018\/01\/WhatsApp-Image-2018-01-10-at-15.02.32.jpeg 1024w, https:\/\/www.eppetroecuador.ec\/wp-content\/uploads\/2018\/01\/WhatsApp-Image-2018-01-10-at-15.02.32-300x200.jpeg 300w, https:\/\/www.eppetroecuador.ec\/wp-content\/uploads\/2018\/01\/WhatsApp-Image-2018-01-10-at-15.02.32-768x512.jpeg 768w, https:\/\/www.eppetroecuador.ec\/wp-content\/uploads\/2018\/01\/WhatsApp-Image-2018-01-10-at-15.02.32-24x16.jpeg 24w, https:\/\/www.eppetroecuador.ec\/wp-content\/uploads\/2018\/01\/WhatsApp-Image-2018-01-10-at-15.02.32-36x24.jpeg 36w, https:\/\/www.eppetroecuador.ec\/wp-content\/uploads\/2018\/01\/WhatsApp-Image-2018-01-10-at-15.02.32-48x32.jpeg 48w\" sizes=\"(max-width: 750px) 100vw, 750px\" \/><\/a><\/p>\n","protected":false},"excerpt":{"rendered":"<p class=\"excerpt\">El Ministro de Hidrocarburos, Ing. Carlos P\u00e9rez y el Gerente General de EP Petroecuador mantuvieron reuni\u00f3n con el personal t\u00e9cnico de Refiner\u00eda Esmeraldas para tratar asuntos relacionados con el Plan de Paros Programados de este centro refinador. Este plan de paros es la respuesta ante la calamitosa situaci\u00f3n en que se encontr\u00f3 Refiner\u00eda Esmeraldas despu\u00e9s de la repotenciaci\u00f3n; proceso en&hellip; <a href=\"https:\/\/www.eppetroecuador.ec\/?p=5140\">Read more &rarr;<\/a><\/p>\n","protected":false},"author":5,"featured_media":5141,"comment_status":"open","ping_status":"open","sticky":false,"template":"","format":"standard","meta":[],"categories":[5,6],"tags":[],"_links":{"self":[{"href":"https:\/\/www.eppetroecuador.ec\/index.php?rest_route=\/wp\/v2\/posts\/5140"}],"collection":[{"href":"https:\/\/www.eppetroecuador.ec\/index.php?rest_route=\/wp\/v2\/posts"}],"about":[{"href":"https:\/\/www.eppetroecuador.ec\/index.php?rest_route=\/wp\/v2\/types\/post"}],"author":[{"embeddable":true,"href":"https:\/\/www.eppetroecuador.ec\/index.php?rest_route=\/wp\/v2\/users\/5"}],"replies":[{"embeddable":true,"href":"https:\/\/www.eppetroecuador.ec\/index.php?rest_route=%2Fwp%2Fv2%2Fcomments&post=5140"}],"version-history":[{"count":5,"href":"https:\/\/www.eppetroecuador.ec\/index.php?rest_route=\/wp\/v2\/posts\/5140\/revisions"}],"predecessor-version":[{"id":5148,"href":"https:\/\/www.eppetroecuador.ec\/index.php?rest_route=\/wp\/v2\/posts\/5140\/revisions\/5148"}],"wp:featuredmedia":[{"embeddable":true,"href":"https:\/\/www.eppetroecuador.ec\/index.php?rest_route=\/wp\/v2\/media\/5141"}],"wp:attachment":[{"href":"https:\/\/www.eppetroecuador.ec\/index.php?rest_route=%2Fwp%2Fv2%2Fmedia&parent=5140"}],"wp:term":[{"taxonomy":"category","embeddable":true,"href":"https:\/\/www.eppetroecuador.ec\/index.php?rest_route=%2Fwp%2Fv2%2Fcategories&post=5140"},{"taxonomy":"post_tag","embeddable":true,"href":"https:\/\/www.eppetroecuador.ec\/index.php?rest_route=%2Fwp%2Fv2%2Ftags&post=5140"}],"curies":[{"name":"wp","href":"https:\/\/api.w.org\/{rel}","templated":true}]}}