{"id":5089,"date":"2017-12-17T14:13:02","date_gmt":"2017-12-17T19:13:02","guid":{"rendered":"https:\/\/www.eppetroecuador.ec\/?p=5089"},"modified":"2017-12-17T14:13:02","modified_gmt":"2017-12-17T19:13:02","slug":"la-operacion-de-refineria-es-mas-segura-por-la-nueva-interconexion-electrica-realizada-con-termoesmeraldas","status":"publish","type":"post","link":"https:\/\/www.eppetroecuador.ec\/?p=5089","title":{"rendered":"La operaci\u00f3n de Refiner\u00eda es m\u00e1s segura por la nueva interconexi\u00f3n el\u00e9ctrica realizada con Termoesmeraldas"},"content":{"rendered":"<p>Luego de 24 d\u00edas de haber iniciado la interconexi\u00f3n de energ\u00eda el\u00e9ctrica entre Refiner\u00eda Esmeraldas y la Corporaci\u00f3n El\u00e9ctrica del Ecuador (CELEC EP), a trav\u00e9s de la l\u00ednea que une la Central T\u00e9rmica Esmeraldas II con el centro refinador; el Ministro de Hidrocarburos y el Gerente General de EP Petroecuador verificaron el funcionamiento del nuevo sistema para provisi\u00f3n de energ\u00eda el\u00e9ctrica.<\/p>\n<p>&nbsp;<\/p>\n<p>Esta interconexi\u00f3n se dio mediante trabajos de tendido de l\u00ednea, as\u00ed como las pruebas respectivas de apertura y cierre de interruptores, energizaci\u00f3n de l\u00ednea, sincronizaci\u00f3n y secuencia de fase entre la Central T\u00e9rmica y Refiner\u00eda Esmeraldas, que ahora ya cuenta con un flujo constante de 12 megavatios de energ\u00eda.<\/p>\n<p>&nbsp;<\/p>\n<p>Gracias a esta interconexi\u00f3n, la Refiner\u00eda tendr\u00e1 el abastecimiento energ\u00e9tico constante, lo que le permite no depender, \u00fanicamente, del Sistema Nacional Interconectado (SNI) y evitar que, por fallas en este sistema, deje de operar el centro refinador m\u00e1s grande del pa\u00eds; cada d\u00eda de paralizaci\u00f3n le cuesta al pa\u00eds un mill\u00f3n de d\u00f3lares.<\/p>\n","protected":false},"excerpt":{"rendered":"<p class=\"excerpt\">Luego de 24 d\u00edas de haber iniciado la interconexi\u00f3n de energ\u00eda el\u00e9ctrica entre Refiner\u00eda Esmeraldas y la Corporaci\u00f3n El\u00e9ctrica del Ecuador (CELEC EP), a trav\u00e9s de la l\u00ednea que une la Central T\u00e9rmica Esmeraldas II con el centro refinador; el Ministro de Hidrocarburos y el Gerente General de EP Petroecuador verificaron el funcionamiento del nuevo sistema para provisi\u00f3n de energ\u00eda&hellip; <a href=\"https:\/\/www.eppetroecuador.ec\/?p=5089\">Read more &rarr;<\/a><\/p>\n","protected":false},"author":5,"featured_media":5090,"comment_status":"open","ping_status":"open","sticky":false,"template":"","format":"standard","meta":[],"categories":[5,6],"tags":[],"_links":{"self":[{"href":"https:\/\/www.eppetroecuador.ec\/index.php?rest_route=\/wp\/v2\/posts\/5089"}],"collection":[{"href":"https:\/\/www.eppetroecuador.ec\/index.php?rest_route=\/wp\/v2\/posts"}],"about":[{"href":"https:\/\/www.eppetroecuador.ec\/index.php?rest_route=\/wp\/v2\/types\/post"}],"author":[{"embeddable":true,"href":"https:\/\/www.eppetroecuador.ec\/index.php?rest_route=\/wp\/v2\/users\/5"}],"replies":[{"embeddable":true,"href":"https:\/\/www.eppetroecuador.ec\/index.php?rest_route=%2Fwp%2Fv2%2Fcomments&post=5089"}],"version-history":[{"count":1,"href":"https:\/\/www.eppetroecuador.ec\/index.php?rest_route=\/wp\/v2\/posts\/5089\/revisions"}],"predecessor-version":[{"id":5091,"href":"https:\/\/www.eppetroecuador.ec\/index.php?rest_route=\/wp\/v2\/posts\/5089\/revisions\/5091"}],"wp:featuredmedia":[{"embeddable":true,"href":"https:\/\/www.eppetroecuador.ec\/index.php?rest_route=\/wp\/v2\/media\/5090"}],"wp:attachment":[{"href":"https:\/\/www.eppetroecuador.ec\/index.php?rest_route=%2Fwp%2Fv2%2Fmedia&parent=5089"}],"wp:term":[{"taxonomy":"category","embeddable":true,"href":"https:\/\/www.eppetroecuador.ec\/index.php?rest_route=%2Fwp%2Fv2%2Fcategories&post=5089"},{"taxonomy":"post_tag","embeddable":true,"href":"https:\/\/www.eppetroecuador.ec\/index.php?rest_route=%2Fwp%2Fv2%2Ftags&post=5089"}],"curies":[{"name":"wp","href":"https:\/\/api.w.org\/{rel}","templated":true}]}}