{"id":5004,"date":"2017-11-21T11:43:09","date_gmt":"2017-11-21T16:43:09","guid":{"rendered":"https:\/\/www.eppetroecuador.ec\/?p=5004"},"modified":"2017-11-21T11:43:09","modified_gmt":"2017-11-21T16:43:09","slug":"carlos-tejada-es-nombrado-como-gerente-general-de-ep-petroecuador","status":"publish","type":"post","link":"https:\/\/www.eppetroecuador.ec\/?p=5004","title":{"rendered":"Carlos Tejada es nombrado como Gerente General de EP Petroecuador"},"content":{"rendered":"<p>El Directorio de la Empresa P\u00fablica de Hidrocarburos del Ecuador EP Petroecuador, posesion\u00f3 oficialmente al Ing. Carlos Tejada como Gerente General. La ratificaci\u00f3n del Ing. Tejada se dio el pasado 17 de noviembre, fecha en que el Directorio tom\u00f3 la decisi\u00f3n de manera un\u00e1nime.<\/p>\n<p>El Gerente General es ingeniero qu\u00edmico, graduado en el Instituto Polit\u00e9cnico de Kiev en Ucrania. Tiene maestr\u00edas en Ingenier\u00eda Qu\u00edmica, Sistemas y Computaci\u00f3n, y en Administraci\u00f3n de Negocios con \u00e9nfasis en Gesti\u00f3n Integrada.<\/p>\n<p>Entre su trayectoria profesional se destacan funciones como: Subgerente de Planificaci\u00f3n y de Industrias de la Corporaci\u00f3n Estatal Petrolera Ecuatoriana (CEPE); Gerente de Operaciones y de Petroindustrial; Gerente de Operaciones y Calidad de Bureau Veritas, Gerente de Sistemas de Gesti\u00f3n Integrada en varios pa\u00edses como Estados Unidos (ENI US Operating Co. Inc.) e Irak (ENI Zubair) y en Kazajist\u00e1n (Agip KCO) y Director Ejecutivo de ISO&#038;CALIDAD.  Su m\u00e1s reciente cargo fue Gerente de Refinaci\u00f3n de EP Petroecuador.<\/p>\n<p>Adem\u00e1s, el Ing. Tejada fue catedr\u00e1tico en las universidades Central del Ecuador y Santiago de Guayaquil. Tambi\u00e9n es miembro de la Asociaci\u00f3n Americana de Calidad (ASQ) y del Registro Internacional de Auditores Certificados (IRCA).<\/p>\n","protected":false},"excerpt":{"rendered":"<p class=\"excerpt\">El Directorio de la Empresa P\u00fablica de Hidrocarburos del Ecuador EP Petroecuador, posesion\u00f3 oficialmente al Ing. Carlos Tejada como Gerente General. La ratificaci\u00f3n del Ing. Tejada se dio el pasado 17 de noviembre, fecha en que el Directorio tom\u00f3 la decisi\u00f3n de manera un\u00e1nime. El Gerente General es ingeniero qu\u00edmico, graduado en el Instituto Polit\u00e9cnico de Kiev en Ucrania. Tiene&hellip; <a href=\"https:\/\/www.eppetroecuador.ec\/?p=5004\">Read more &rarr;<\/a><\/p>\n","protected":false},"author":5,"featured_media":5005,"comment_status":"open","ping_status":"open","sticky":false,"template":"","format":"standard","meta":[],"categories":[5,6],"tags":[],"_links":{"self":[{"href":"https:\/\/www.eppetroecuador.ec\/index.php?rest_route=\/wp\/v2\/posts\/5004"}],"collection":[{"href":"https:\/\/www.eppetroecuador.ec\/index.php?rest_route=\/wp\/v2\/posts"}],"about":[{"href":"https:\/\/www.eppetroecuador.ec\/index.php?rest_route=\/wp\/v2\/types\/post"}],"author":[{"embeddable":true,"href":"https:\/\/www.eppetroecuador.ec\/index.php?rest_route=\/wp\/v2\/users\/5"}],"replies":[{"embeddable":true,"href":"https:\/\/www.eppetroecuador.ec\/index.php?rest_route=%2Fwp%2Fv2%2Fcomments&post=5004"}],"version-history":[{"count":2,"href":"https:\/\/www.eppetroecuador.ec\/index.php?rest_route=\/wp\/v2\/posts\/5004\/revisions"}],"predecessor-version":[{"id":5024,"href":"https:\/\/www.eppetroecuador.ec\/index.php?rest_route=\/wp\/v2\/posts\/5004\/revisions\/5024"}],"wp:featuredmedia":[{"embeddable":true,"href":"https:\/\/www.eppetroecuador.ec\/index.php?rest_route=\/wp\/v2\/media\/5005"}],"wp:attachment":[{"href":"https:\/\/www.eppetroecuador.ec\/index.php?rest_route=%2Fwp%2Fv2%2Fmedia&parent=5004"}],"wp:term":[{"taxonomy":"category","embeddable":true,"href":"https:\/\/www.eppetroecuador.ec\/index.php?rest_route=%2Fwp%2Fv2%2Fcategories&post=5004"},{"taxonomy":"post_tag","embeddable":true,"href":"https:\/\/www.eppetroecuador.ec\/index.php?rest_route=%2Fwp%2Fv2%2Ftags&post=5004"}],"curies":[{"name":"wp","href":"https:\/\/api.w.org\/{rel}","templated":true}]}}