{"id":4980,"date":"2017-11-15T21:30:57","date_gmt":"2017-11-16T02:30:57","guid":{"rendered":"https:\/\/www.eppetroecuador.ec\/?p=4980"},"modified":"2017-11-15T21:30:57","modified_gmt":"2017-11-16T02:30:57","slug":"contrato-colectivo-de-ep-petroecuador-incluye-clausula-anticorrupcion","status":"publish","type":"post","link":"https:\/\/www.eppetroecuador.ec\/?p=4980","title":{"rendered":"Contrato colectivo de EP Petroecuador incluye Cl\u00e1usula Anticorrupci\u00f3n"},"content":{"rendered":"<p>La Empresa P\u00fablica de Hidrocarburos del Ecuador EP Petroecuador y su Comit\u00e9 de Empresa de Trabajadores (CETRAPEP) suscribieron el primer Contrato Colectivo de Trabajo, hoy en un la ciudad de Guayaquil. La firma del documento se dio entre el Gerente General (e), Ing. Carlos Tejada y el Presidente de CETRAPEP, Jorge Cevallos.<\/p>\n<p>Esta firma se realiz\u00f3 en medio de la conmemoraci\u00f3n del 15 de Noviembre de 1922, donde asisti\u00f3 el Presidente de la Rep\u00fablica, Len\u00edn Moreno, quien adem\u00e1s fue testigo de honor de este pacto junto al Ministro de Hidrocarburos, Ing. Carlos P\u00e9rez.<\/p>\n<p>Este contrato colectivo es considerado como un hecho hist\u00f3rico, ya que en los 45 a\u00f1os de vida institucional de Petroecuador nunca antes se incluy\u00f3 una Cl\u00e1usula Anticorrupci\u00f3n. Esta cl\u00e1usula implica un compromiso de parte de los obreros de la empresa p\u00fablica de trabajar de manera transparente y eficiente.<\/p>\n<p>Jorge Cevallos mencion\u00f3 que es un d\u00eda importante para los obreros de la empresa, \u201ces un sue\u00f1o cumplido, porque hemos esperado 10 a\u00f1os para firmar este contrato colectivo, que nosotros lo consideramos como una fuente de derechos\u201d.<\/p>\n<p>Este acuerdo laboral tambi\u00e9n contempla temas fundamentales que garantizan el respeto a los derechos de los trabajadores, as\u00ed como el cuidado del medio ambiente, pilares principales para la operaci\u00f3n de la Empresa P\u00fablica.<\/p>\n<p>Previamente, EP Petroecuador cumpli\u00f3 oportunamente con todas las observaciones emitidas por los ministerios de Trabajo y de Econom\u00eda y Finanzas, lo cual permiti\u00f3 alcanzar este acuerdo.<\/p>\n","protected":false},"excerpt":{"rendered":"<p class=\"excerpt\">La Empresa P\u00fablica de Hidrocarburos del Ecuador EP Petroecuador y su Comit\u00e9 de Empresa de Trabajadores (CETRAPEP) suscribieron el primer Contrato Colectivo de Trabajo, hoy en un la ciudad de Guayaquil. La firma del documento se dio entre el Gerente General (e), Ing. Carlos Tejada y el Presidente de CETRAPEP, Jorge Cevallos. Esta firma se realiz\u00f3 en medio de la&hellip; <a href=\"https:\/\/www.eppetroecuador.ec\/?p=4980\">Read more &rarr;<\/a><\/p>\n","protected":false},"author":5,"featured_media":4982,"comment_status":"open","ping_status":"open","sticky":false,"template":"","format":"standard","meta":[],"categories":[5,6],"tags":[],"_links":{"self":[{"href":"https:\/\/www.eppetroecuador.ec\/index.php?rest_route=\/wp\/v2\/posts\/4980"}],"collection":[{"href":"https:\/\/www.eppetroecuador.ec\/index.php?rest_route=\/wp\/v2\/posts"}],"about":[{"href":"https:\/\/www.eppetroecuador.ec\/index.php?rest_route=\/wp\/v2\/types\/post"}],"author":[{"embeddable":true,"href":"https:\/\/www.eppetroecuador.ec\/index.php?rest_route=\/wp\/v2\/users\/5"}],"replies":[{"embeddable":true,"href":"https:\/\/www.eppetroecuador.ec\/index.php?rest_route=%2Fwp%2Fv2%2Fcomments&post=4980"}],"version-history":[{"count":3,"href":"https:\/\/www.eppetroecuador.ec\/index.php?rest_route=\/wp\/v2\/posts\/4980\/revisions"}],"predecessor-version":[{"id":4984,"href":"https:\/\/www.eppetroecuador.ec\/index.php?rest_route=\/wp\/v2\/posts\/4980\/revisions\/4984"}],"wp:featuredmedia":[{"embeddable":true,"href":"https:\/\/www.eppetroecuador.ec\/index.php?rest_route=\/wp\/v2\/media\/4982"}],"wp:attachment":[{"href":"https:\/\/www.eppetroecuador.ec\/index.php?rest_route=%2Fwp%2Fv2%2Fmedia&parent=4980"}],"wp:term":[{"taxonomy":"category","embeddable":true,"href":"https:\/\/www.eppetroecuador.ec\/index.php?rest_route=%2Fwp%2Fv2%2Fcategories&post=4980"},{"taxonomy":"post_tag","embeddable":true,"href":"https:\/\/www.eppetroecuador.ec\/index.php?rest_route=%2Fwp%2Fv2%2Ftags&post=4980"}],"curies":[{"name":"wp","href":"https:\/\/api.w.org\/{rel}","templated":true}]}}