{"id":4971,"date":"2016-02-02T14:14:16","date_gmt":"2016-02-02T19:14:16","guid":{"rendered":"http:\/\/www.petroamazonas.gob.ec\/?p=4971"},"modified":"2016-02-02T14:14:16","modified_gmt":"2016-02-02T19:14:16","slug":"petroamazonas-ep-y-yachay-ep-firmaron-un-convenio-de-apoyo-interinstitucional","status":"publish","type":"post","link":"https:\/\/www.eppetroecuador.ec\/?p=4971","title":{"rendered":"Petroamazonas EP y Yachay EP firmaron un convenio de apoyo interinstitucional"},"content":{"rendered":"<p>Los gerentes generales de las empresas p\u00fablicas Petroamazonas EP\u00a0y Yachay EP, Jos\u00e9 Icaza Romero y H\u00e9ctor Rodr\u00edguez, firmaron este martes 2 de enero un convenio de apoyo interinstitucional que faculta el trabajo conjunto en temas de cooperaci\u00f3n. El mismo convenio facult\u00f3 la transferencia de cinco veh\u00edculos hacia la instituci\u00f3n acad\u00e9mica.<\/p>\n<p><em>\u201cEste convenio firmado es el pretexto para hacer muchas cosas juntas. Esto es parte de la firma de convenios con universidades que ha venido realizando Petroamazonas EP\u201d,<\/em> dijo Jos\u00e9 Icaza Romero.<\/p>\n<p>La Ciudad del Conocimiento, Yachay, es una de las universidades creadas por el Gobierno Nacional para realizar investigaciones cient\u00edficas con aplicaci\u00f3n en la industria nacional. El documento firmado es el tercero concretado con una instituci\u00f3n acad\u00e9mica por parte de Jos\u00e9 Icaza Romero, quien configur\u00f3 a la capacitaci\u00f3n como uno de los ejes de su gesti\u00f3n.<\/p>\n<p><em>\u201cEl convenio servir\u00e1 para generar un espacio de profesionalizaci\u00f3n y desarrollo del talento humano. Esperamos que este convenio firmado con Petroamazonas EP se traduzca en mejores d\u00edas para los alumnos de Ciudad Yachay\u201d,<\/em> dijo H\u00e9ctor Rodr\u00edguez.<\/p>\n<p>Este acuerdo se suma a otros dos documentos de cooperaci\u00f3n que fueron firmados el 28 de enero con la Universidad de las Fuerzas Armadas (ESPE) y la Universidad Tecnol\u00f3gica Equinoccial (UTE), que facilitar\u00e1n la capacitaci\u00f3n y espacios de pr\u00e1ctica para los trabajadores de la empresa y estudiantes de esos centros de estudio.<\/p>\n<p>&nbsp;<\/p>\n<p>Comunicaci\u00f3n Corporativa<\/p>\n<p>Petroamazonas EP<\/p>\n<p>Tel\u00e9fonos: 2467 500, Ext. 18322, 18127<\/p>\n","protected":false},"excerpt":{"rendered":"<p class=\"excerpt\">Los gerentes generales de las empresas p\u00fablicas Petroamazonas EP\u00a0y Yachay EP, Jos\u00e9 Icaza Romero y H\u00e9ctor Rodr\u00edguez, firmaron este martes 2 de enero un convenio de apoyo interinstitucional que faculta el trabajo conjunto en temas de cooperaci\u00f3n. El mismo convenio facult\u00f3 la transferencia de cinco veh\u00edculos hacia la instituci\u00f3n acad\u00e9mica. \u201cEste convenio firmado es el pretexto para hacer muchas cosas&hellip; <a href=\"https:\/\/www.eppetroecuador.ec\/?p=4971\">Read more &rarr;<\/a><\/p>\n","protected":false},"author":5,"featured_media":0,"comment_status":"open","ping_status":"open","sticky":false,"template":"","format":"standard","meta":[],"categories":[5],"tags":[],"_links":{"self":[{"href":"https:\/\/www.eppetroecuador.ec\/index.php?rest_route=\/wp\/v2\/posts\/4971"}],"collection":[{"href":"https:\/\/www.eppetroecuador.ec\/index.php?rest_route=\/wp\/v2\/posts"}],"about":[{"href":"https:\/\/www.eppetroecuador.ec\/index.php?rest_route=\/wp\/v2\/types\/post"}],"author":[{"embeddable":true,"href":"https:\/\/www.eppetroecuador.ec\/index.php?rest_route=\/wp\/v2\/users\/5"}],"replies":[{"embeddable":true,"href":"https:\/\/www.eppetroecuador.ec\/index.php?rest_route=%2Fwp%2Fv2%2Fcomments&post=4971"}],"version-history":[{"count":0,"href":"https:\/\/www.eppetroecuador.ec\/index.php?rest_route=\/wp\/v2\/posts\/4971\/revisions"}],"wp:attachment":[{"href":"https:\/\/www.eppetroecuador.ec\/index.php?rest_route=%2Fwp%2Fv2%2Fmedia&parent=4971"}],"wp:term":[{"taxonomy":"category","embeddable":true,"href":"https:\/\/www.eppetroecuador.ec\/index.php?rest_route=%2Fwp%2Fv2%2Fcategories&post=4971"},{"taxonomy":"post_tag","embeddable":true,"href":"https:\/\/www.eppetroecuador.ec\/index.php?rest_route=%2Fwp%2Fv2%2Ftags&post=4971"}],"curies":[{"name":"wp","href":"https:\/\/api.w.org\/{rel}","templated":true}]}}