{"id":4887,"date":"2016-01-12T14:58:51","date_gmt":"2016-01-12T19:58:51","guid":{"rendered":"http:\/\/www.petroamazonas.gob.ec\/?p=4887"},"modified":"2016-01-12T14:58:51","modified_gmt":"2016-01-12T19:58:51","slug":"jose-icaza-romero-firma-acuerdo-para-fortalecer-el-servicio-de-insercion-laboral-de-personas-con-discapacidad-a-nivel-nacional","status":"publish","type":"post","link":"https:\/\/www.eppetroecuador.ec\/?p=4887","title":{"rendered":"Jos\u00e9 Icaza Romero fortalecer\u00e1 el Servicio de Integraci\u00f3n Laboral de personas con discapacidad a nivel nacional"},"content":{"rendered":"<div align=\"justify\"><span style=\"font-family: Times,serif; font-size: small;\"><b>Quito, 13 de enero de <\/b><a href=\"tel:2016\" target=\"_blank\" rel=\"noopener noreferrer\"><b><span style=\"color: black;\">2016<\/span><\/b><\/a><b>.-<\/b>\u00a0El Gerente General de Petroamazonas EP, Jos\u00e9 Icaza Romero, en coordinaci\u00f3n con el Consejo Nacional de Discapacidades (Conadis),\u00a0 fortalecer\u00e1n el Servicio de Integraci\u00f3n Laboral (SIL), que coloca a personas con en discapacidad en trabajos sostenibles y estables, en los sectores p\u00fablico y privado. <\/span><\/div>\n<div align=\"justify\"><span style=\"font-family: Times,serif; font-size: small;\">El titular de Petroamazonas EP calific\u00f3 como una tarea fundamental para la gesti\u00f3n de Petroamazonas EP mantener este servicio que capacita, sensibiliza y ubica en plazas de trabajo a personas con discapacidad en diferentes empresas.<\/span><\/div>\n<div align=\"justify\"><span style=\"font-family: Times,serif; font-size: small;\">En una reuni\u00f3n realizada en Quito entre Jos\u00e9 Icaza Romero con la presencia de Xavier Torres, Vicepresidente del Conadis, se estableci\u00f3 que este proyecto pasar\u00e1 a tener cobertura nacional, con oficinas en todas las provincias.<\/span><\/div>\n<div align=\"justify\"><span style=\"font-family: Times,serif; font-size: small;\">El Gerente General de Petroamazonas EP, Jos\u00e9 Icaza Romero, expres\u00f3 que \u201ceste tema significa la verdadera integraci\u00f3n laboral y hay que fortalecerlo, toda vez que para mi gesti\u00f3n es extremadamente importante la inclusi\u00f3n, que ha sido promovida desde la Vicepresidencia de la Rep\u00fablica y Presidencia de la Rep\u00fablica\u201d.<\/span><\/div>\n<div align=\"justify\"><span style=\"font-family: Times,serif; font-size: small;\">El Vicepresidente del Consejo Nacional de Discapacidades (Conadis), relev\u00f3 el trabajo realizado con Petroamazonas EP, pues \u201ca trav\u00e9s del SIL, se realiza un proceso de capacitaci\u00f3n con las personas, y de all\u00ed les ofrecemos el trabajo m\u00e1s adecuado\u201d, dijo.<\/span><\/div>\n<div align=\"justify\"><span style=\"font-family: Times,serif; font-size: small;\">Entre\u00a0<a href=\"tel:2010\" target=\"_blank\" rel=\"noopener noreferrer\"><span style=\"color: windowtext;\">2010<\/span><\/a>\u00a0y\u00a0<a href=\"tel:2015\" target=\"_blank\" rel=\"noopener noreferrer\"><span style=\"color: windowtext;\">2015<\/span><\/a>, el Servicio de\u00a0integraci\u00f3n Laboral (SIL) logr\u00f3 la inclusi\u00f3n de<a href=\"tel:12.364\" target=\"_blank\" rel=\"noopener noreferrer\"><span style=\"color: windowtext;\">12.364<\/span><\/a>\u00a0personas con alg\u00fan tipo de discapacidad en trabajos estables y sostenibles, tanto del sector p\u00fablico como privado.<\/span><\/div>\n<div align=\"justify\"><span style=\"font-family: Times,serif; font-size: small;\">En el mismo per\u00edodo se realizaron m\u00e1s de\u00a0<a href=\"tel:2000\" target=\"_blank\" rel=\"noopener noreferrer\"><span style=\"color: windowtext;\">2000<\/span><\/a>ferias laborales para promover el encuentro de empresas y trabajadores con alg\u00fan tipo de discapacidad; se ha orientado\u00a0<a href=\"tel:32.899\" target=\"_blank\" rel=\"noopener noreferrer\"><span style=\"color: windowtext;\">32.899<\/span><\/a>\u00a0personas sobre los servicios y beneficios de SIL; y se efectuaron\u00a0<a href=\"tel:2.231\" target=\"_blank\" rel=\"noopener noreferrer\"><span style=\"color: windowtext;\">2.231<\/span><\/a>\u00a0charlas de sensibilizaci\u00f3n.<\/span><\/div>\n<div align=\"justify\"><span style=\"font-family: Times,serif; font-size: small;\">Mediante este proyecto se ha capacitado entre\u00a0<a href=\"tel:2010\" target=\"_blank\" rel=\"noopener noreferrer\"><span style=\"color: windowtext;\">2010<\/span><\/a>\u00a0y<a href=\"tel:2015\" target=\"_blank\" rel=\"noopener noreferrer\"><span style=\"color: windowtext;\">2015<\/span><\/a>\u00a0a\u00a0<a href=\"tel:45.166\" target=\"_blank\" rel=\"noopener noreferrer\"><span style=\"color: windowtext;\">45.166<\/span><\/a>\u00a0personas con discapacidad, beneficiarios del servicio.<\/span><\/div>\n<p>&nbsp;<\/p>\n<p>&nbsp;<\/p>\n","protected":false},"excerpt":{"rendered":"<p class=\"excerpt\">Quito, 13 de enero de 2016.-\u00a0El Gerente General de Petroamazonas EP, Jos\u00e9 Icaza Romero, en coordinaci\u00f3n con el Consejo Nacional de Discapacidades (Conadis),\u00a0 fortalecer\u00e1n el Servicio de Integraci\u00f3n Laboral (SIL), que coloca a personas con en discapacidad en trabajos sostenibles y estables, en los sectores p\u00fablico y privado. El titular de Petroamazonas EP calific\u00f3 como una tarea fundamental para la&hellip; <a href=\"https:\/\/www.eppetroecuador.ec\/?p=4887\">Read more &rarr;<\/a><\/p>\n","protected":false},"author":5,"featured_media":0,"comment_status":"open","ping_status":"open","sticky":false,"template":"","format":"standard","meta":[],"categories":[21,5,6],"tags":[],"_links":{"self":[{"href":"https:\/\/www.eppetroecuador.ec\/index.php?rest_route=\/wp\/v2\/posts\/4887"}],"collection":[{"href":"https:\/\/www.eppetroecuador.ec\/index.php?rest_route=\/wp\/v2\/posts"}],"about":[{"href":"https:\/\/www.eppetroecuador.ec\/index.php?rest_route=\/wp\/v2\/types\/post"}],"author":[{"embeddable":true,"href":"https:\/\/www.eppetroecuador.ec\/index.php?rest_route=\/wp\/v2\/users\/5"}],"replies":[{"embeddable":true,"href":"https:\/\/www.eppetroecuador.ec\/index.php?rest_route=%2Fwp%2Fv2%2Fcomments&post=4887"}],"version-history":[{"count":0,"href":"https:\/\/www.eppetroecuador.ec\/index.php?rest_route=\/wp\/v2\/posts\/4887\/revisions"}],"wp:attachment":[{"href":"https:\/\/www.eppetroecuador.ec\/index.php?rest_route=%2Fwp%2Fv2%2Fmedia&parent=4887"}],"wp:term":[{"taxonomy":"category","embeddable":true,"href":"https:\/\/www.eppetroecuador.ec\/index.php?rest_route=%2Fwp%2Fv2%2Fcategories&post=4887"},{"taxonomy":"post_tag","embeddable":true,"href":"https:\/\/www.eppetroecuador.ec\/index.php?rest_route=%2Fwp%2Fv2%2Ftags&post=4887"}],"curies":[{"name":"wp","href":"https:\/\/api.w.org\/{rel}","templated":true}]}}