{"id":4210,"date":"2015-05-20T15:43:21","date_gmt":"2015-05-20T20:43:21","guid":{"rendered":"http:\/\/www.petroamazonas.gob.ec\/?p=4210"},"modified":"2015-05-20T15:43:21","modified_gmt":"2015-05-20T20:43:21","slug":"diario-el-comercio-rectifica-informacion-difundida-sobre-la-hidroelectrica-coca-codo-sinclair","status":"publish","type":"post","link":"https:\/\/www.eppetroecuador.ec\/?p=4210","title":{"rendered":"Diario El Comercio rectifica informaci\u00f3n difundida sobre la Hidroel\u00e9ctrica Coca Codo Sinclair"},"content":{"rendered":"<div align=\"center\"><\/div>\n<div align=\"justify\"><span style=\"font-family: Calibri, sans-serif; font-size: small;\"><span style=\"font-family: Cambria, serif; font-size: medium;\">El pasado 5 de abril de 2015, bajo el titular de primera p\u00e1gina \u201cEl Proyecto Coca Codo tendr\u00e1 un ajuste de USD 606 millones\u201c, y su desarrollo en la p\u00e1gina 2 del cuaderno 1, diario El Comercio public\u00f3 una nota con la que se falt\u00f3 a la verdad y se difundi\u00f3 informaci\u00f3n inexacta con relaci\u00f3n al costo de construcci\u00f3n del proyecto Coca Codo Sinclair,\u00a0 transmitiendo un mensaje distorsionado a la ciudadan\u00eda.<\/span><\/span><\/div>\n<div align=\"justify\"><span style=\"font-family: Calibri, sans-serif; font-size: small;\"><span style=\"font-family: Cambria, serif; font-size: medium;\">\u00a0<\/span><\/span><\/div>\n<div align=\"justify\"><span style=\"font-family: Calibri, sans-serif; font-size: small;\"><span style=\"font-family: Cambria, serif; font-size: medium;\">Frente a esta situaci\u00f3n, con fecha 8 de abril de 2015 el Ministro de Electricidad y Energ\u00eda Renovable\u00a0 y el Gerente de la Empresa P\u00fablica Coca Codo Sinclair, amparados en la <\/span><span style=\"font-family: Cambria, serif; font-size: medium;\"><span lang=\"es-MX\">Ley Org\u00e1nica de Comunicaci\u00f3n que en su <\/span><\/span><span style=\"font-family: Cambria, serif; font-size: medium;\">art\u00edculo 23 consagra el \u201cDerecho a la rectificaci\u00f3n\u201d, solicitaron a Diario El Comercio la rectificaci\u00f3n correspondiente, habiendo recibido como respuesta una negativa, por lo cual se solicit\u00f3 la intervenci\u00f3n de la Superintendencia de Informaci\u00f3n y Comunicaci\u00f3n (SUPERCOM).<\/span><\/span><\/div>\n<div align=\"justify\"><span style=\"font-family: Calibri, sans-serif; font-size: small;\"><span style=\"font-family: Cambria, serif; font-size: medium;\">\u00a0<\/span><\/span><\/div>\n<div align=\"justify\"><span style=\"font-family: Calibri, sans-serif; font-size: small;\"><span style=\"font-family: Cambria, serif; font-size: medium;\">Una vez cumplido el debido proceso, la SUPERCOM emiti\u00f3 la Resoluci\u00f3n No.021-2015-DNJRD-INPS de 12 de mayo de 2015, en virtud de la cual el Director del medio de comunicaci\u00f3n ha presentado por escrito una disculpa p\u00fablica al Ministro de Electricidad y Energ\u00eda Renovable y al Gerente General Subrogante de Coca-Codo Sinclair EP, que deber\u00e1 ser publicada por siete d\u00edas en la versi\u00f3n digital del diario, y adicionalmente, en la edici\u00f3n de 20 de mayo de 2015, Diario El Comercio ha publicado la rectificaci\u00f3n\u00a0 solicitada, con el titular <\/span><a href=\"https:\/\/pamwebmail.petroamazonas.ec\/owa\/redir.aspx?C=qztEEZp5MUWiK1KorHG2lLZj7pnMZtIIAF5e_UunCDimKh4fqNJ5GWS0G4yJACsY1V2gjjyEhEI.&amp;URL=http%3a%2f%2fwww.elcomercio.com%2factualidad%2frectificacion-ordenada-supercom-cocacodo.html\" target=\"_blank\" rel=\"noopener noreferrer\"><span style=\"font-family: Cambria, serif; font-size: medium;\">\u201cEl Proyecto Coca Codo no tendr\u00e1 un ajuste de USD 606 millones\u201c<\/span><\/a><span style=\"font-family: Cambria, serif; font-size: medium;\">.<\/span><\/span><\/div>\n<div align=\"justify\"><span style=\"font-family: Calibri, sans-serif; font-size: small;\"><span style=\"font-family: Cambria, serif; font-size: medium;\">\u00a0<\/span><\/span><\/div>\n<div align=\"justify\"><span style=\"font-family: Calibri, sans-serif; font-size: small;\"><span style=\"font-family: Cambria, serif; font-size: medium;\">Este hecho marca un hito en la reivindicaci\u00f3n del derecho de la ciudadan\u00eda a recibir informaci\u00f3n veraz y oportuna.\u00a0<\/span><\/span><\/div>\n<p>&nbsp;<\/p>\n","protected":false},"excerpt":{"rendered":"<p class=\"excerpt\">El pasado 5 de abril de 2015, bajo el titular de primera p\u00e1gina \u201cEl Proyecto Coca Codo tendr\u00e1 un ajuste de USD 606 millones\u201c, y su desarrollo en la p\u00e1gina 2 del cuaderno 1, diario El Comercio public\u00f3 una nota con la que se falt\u00f3 a la verdad y se difundi\u00f3 informaci\u00f3n inexacta con relaci\u00f3n al costo de construcci\u00f3n del&hellip; <a href=\"https:\/\/www.eppetroecuador.ec\/?p=4210\">Read more &rarr;<\/a><\/p>\n","protected":false},"author":5,"featured_media":0,"comment_status":"open","ping_status":"open","sticky":false,"template":"","format":"standard","meta":[],"categories":[5],"tags":[],"_links":{"self":[{"href":"https:\/\/www.eppetroecuador.ec\/index.php?rest_route=\/wp\/v2\/posts\/4210"}],"collection":[{"href":"https:\/\/www.eppetroecuador.ec\/index.php?rest_route=\/wp\/v2\/posts"}],"about":[{"href":"https:\/\/www.eppetroecuador.ec\/index.php?rest_route=\/wp\/v2\/types\/post"}],"author":[{"embeddable":true,"href":"https:\/\/www.eppetroecuador.ec\/index.php?rest_route=\/wp\/v2\/users\/5"}],"replies":[{"embeddable":true,"href":"https:\/\/www.eppetroecuador.ec\/index.php?rest_route=%2Fwp%2Fv2%2Fcomments&post=4210"}],"version-history":[{"count":0,"href":"https:\/\/www.eppetroecuador.ec\/index.php?rest_route=\/wp\/v2\/posts\/4210\/revisions"}],"wp:attachment":[{"href":"https:\/\/www.eppetroecuador.ec\/index.php?rest_route=%2Fwp%2Fv2%2Fmedia&parent=4210"}],"wp:term":[{"taxonomy":"category","embeddable":true,"href":"https:\/\/www.eppetroecuador.ec\/index.php?rest_route=%2Fwp%2Fv2%2Fcategories&post=4210"},{"taxonomy":"post_tag","embeddable":true,"href":"https:\/\/www.eppetroecuador.ec\/index.php?rest_route=%2Fwp%2Fv2%2Ftags&post=4210"}],"curies":[{"name":"wp","href":"https:\/\/api.w.org\/{rel}","templated":true}]}}