{"id":3675,"date":"2014-11-07T10:35:10","date_gmt":"2014-11-07T15:35:10","guid":{"rendered":"http:\/\/www.petroamazonas.gob.ec\/?p=3675"},"modified":"2014-11-07T10:35:10","modified_gmt":"2014-11-07T15:35:10","slug":"balance-energetico-nacional-2014","status":"publish","type":"post","link":"https:\/\/www.eppetroecuador.ec\/?p=3675","title":{"rendered":"Balance Energ\u00e9tico Nacional 2014"},"content":{"rendered":"<p>El ministro Coordinador de Sectores Estrat\u00e9gicos, Rafael Poveda, presentar\u00e1 el Balance Energ\u00e9tico Nacional (BEN) del a\u00f1o 2014 en la el teatro Carlos Cueva Tamar\u00edz de la Universidad de Cuenca, este lunes 10 de noviembre. En el acto tambi\u00e9n participar\u00e1 el Ministro de Electricidad y Energ\u00eda Renovable, Esteban Albornoz; el Ministro de Recursos Naturales No Renovables, Pedro Merizalde, y otras autoridades del Sector El\u00e9ctrico, adem\u00e1s de docentes y estudiantes de la Ciudad de Cuenca.<\/p>\n<p>&nbsp;<\/p>\n<p><a href=\"http:\/\/www.petroamazonas.gob.ec\/wp-content\/uploads\/downloads\/2014\/11\/El-Balance-Energ%C3%A9tico-Nacional-2014-se-presentar%C3%A1-en-Cuenca-7-11-14.pdf\" target=\"_blank\" rel=\"noopener noreferrer\">Descarga el Bolet\u00edn\u00a0<\/a><\/p>\n","protected":false},"excerpt":{"rendered":"<p class=\"excerpt\">El ministro Coordinador de Sectores Estrat\u00e9gicos, Rafael Poveda, presentar\u00e1 el Balance Energ\u00e9tico Nacional (BEN) del a\u00f1o 2014 en la el teatro Carlos Cueva Tamar\u00edz de la Universidad de Cuenca, este lunes 10 de noviembre. En el acto tambi\u00e9n participar\u00e1 el Ministro de Electricidad y Energ\u00eda Renovable, Esteban Albornoz; el Ministro de Recursos Naturales No Renovables, Pedro Merizalde, y otras autoridades&hellip; <a href=\"https:\/\/www.eppetroecuador.ec\/?p=3675\">Read more &rarr;<\/a><\/p>\n","protected":false},"author":5,"featured_media":3676,"comment_status":"open","ping_status":"open","sticky":false,"template":"","format":"standard","meta":[],"categories":[21,5,6],"tags":[],"_links":{"self":[{"href":"https:\/\/www.eppetroecuador.ec\/index.php?rest_route=\/wp\/v2\/posts\/3675"}],"collection":[{"href":"https:\/\/www.eppetroecuador.ec\/index.php?rest_route=\/wp\/v2\/posts"}],"about":[{"href":"https:\/\/www.eppetroecuador.ec\/index.php?rest_route=\/wp\/v2\/types\/post"}],"author":[{"embeddable":true,"href":"https:\/\/www.eppetroecuador.ec\/index.php?rest_route=\/wp\/v2\/users\/5"}],"replies":[{"embeddable":true,"href":"https:\/\/www.eppetroecuador.ec\/index.php?rest_route=%2Fwp%2Fv2%2Fcomments&post=3675"}],"version-history":[{"count":0,"href":"https:\/\/www.eppetroecuador.ec\/index.php?rest_route=\/wp\/v2\/posts\/3675\/revisions"}],"wp:featuredmedia":[{"embeddable":true,"href":"https:\/\/www.eppetroecuador.ec\/index.php?rest_route=\/"}],"wp:attachment":[{"href":"https:\/\/www.eppetroecuador.ec\/index.php?rest_route=%2Fwp%2Fv2%2Fmedia&parent=3675"}],"wp:term":[{"taxonomy":"category","embeddable":true,"href":"https:\/\/www.eppetroecuador.ec\/index.php?rest_route=%2Fwp%2Fv2%2Fcategories&post=3675"},{"taxonomy":"post_tag","embeddable":true,"href":"https:\/\/www.eppetroecuador.ec\/index.php?rest_route=%2Fwp%2Fv2%2Ftags&post=3675"}],"curies":[{"name":"wp","href":"https:\/\/api.w.org\/{rel}","templated":true}]}}