{"id":27542,"date":"2025-10-15T15:46:42","date_gmt":"2025-10-15T20:46:42","guid":{"rendered":"https:\/\/www.eppetroecuador.ec\/?p=27542"},"modified":"2025-10-15T16:23:08","modified_gmt":"2025-10-15T21:23:08","slug":"el-nuevo-ecuador-cumple-con-anconcito-financiara-obras-emblematicas-para-proteger-su-borde-costero-e-impulsar-la-regeneracion-urbana-y-el-desarrollo-productivo","status":"publish","type":"post","link":"https:\/\/www.eppetroecuador.ec\/?p=27542","title":{"rendered":"<strong>El Nuevo Ecuador cumple con Anconcito: financiar\u00e1 obras emblem\u00e1ticas para proteger su borde costero e impulsar la regeneraci\u00f3n urbana y el desarrollo productivo<\/strong>"},"content":{"rendered":"\n<p><strong>Bolet\u00edn de Prensa Nro. 21<\/strong><\/p>\n\n\n\n<p><strong>15 de octubre\u00a0de\u00a02025<\/strong><\/p>\n\n\n\n<p>Este 15 de octubre de 2025, en Anconcito (cant\u00f3n Salinas, provincia de Santa Elena), el presidente de la Rep\u00fablica, Daniel Noboa Azin; la ministra de Ambiente y Energ\u00eda, In\u00e9s Manzano; el alcalde de Salinas, Dennis C\u00f3rdova, y la comunidad de Anconcito participaron en el evento por la firma del convenio no reembolsable entre Petroecuador y el Municipio de Salinas.<\/p>\n\n\n\n<p>Mediante este documento, Petroecuador financiar\u00e1, con una inversi\u00f3n superior a 5.6 millones de d\u00f3lares, el proyecto de <strong>\u00abEstabilizaci\u00f3n del talud del acantilado y regeneraci\u00f3n urbana del sector La Fragata\u00bb, <\/strong>que contempla la construcci\u00f3n de muros de contenci\u00f3n, un moderno sistema de drenaje, un parque lineal y obras hidr\u00e1ulicas complementarias.<\/p>\n\n\n\n<blockquote class=\"wp-block-quote\">\n<p>Aproximadamente 15.000 habitantes de la zona ser\u00e1n los principales beneficiarios de esta iniciativa, que responde a necesidades hist\u00f3ricas de infraestructura y planificaci\u00f3n urbana en el sector. La intervenci\u00f3n proteger\u00e1 a la poblaci\u00f3n frente a riesgos naturales y transformar\u00e1 la zona en un espacio urbano m\u00e1s seguro, ordenado y atractivo, impulsando as\u00ed tambi\u00e9n el desarrollo productivo y el turismo de Anconcito.<\/p>\n<\/blockquote>\n\n\n\n<p>La ejecuci\u00f3n de esta obra dinamizar\u00e1 la econom\u00eda local, a trav\u00e9s de la generaci\u00f3n de empleo directo e indirecto durante la construcci\u00f3n. Una vez finalizada, se espera un importante impulso en el comercio y la actividad tur\u00edstica, generando nuevas oportunidades para la poblaci\u00f3n y consolidando a Anconcito como un polo de desarrollo productivo costero.<\/p>\n\n\n\n<p>En el \u00e1mbito ambiental, el proyecto se integra al Plan de Manejo Ambiental vinculado al dep\u00f3sito de pesca artesanal de Anconcito. Su dise\u00f1o prioriza soluciones sostenibles para mitigar riesgos naturales, proteger el borde costero y conservar los recursos frente a la erosi\u00f3n marina. Adem\u00e1s, contribuye al ordenamiento territorial y a la planificaci\u00f3n urbana del cant\u00f3n Salinas.<\/p>\n\n\n\n<p>El presidente Daniel Noboa Az\u00edn estuvo presente durante el evento y recalc\u00f3 <strong>\u201cHoy somos uno de los tres pa\u00edses con mayor desarrollo econ\u00f3mico en Latinoam\u00e9rica en los \u00faltimos a\u00f1os. Gracias a esta estabilidad, podemos concretar acciones como la que hoy entregamos en beneficio de todos los ecuatorianos. Continuaremos recorriendo el pa\u00eds y trabajando para construir una sociedad m\u00e1s justa, digna y correcta, en la que se respete a cada ciudadano, porque ecuatorianos somos todos y pa\u00eds tenemos uno solo\u201d<\/strong><\/p>\n\n\n\n<p>El Gobierno de El Nuevo Ecuador, con esta inversi\u00f3n realizada a trav\u00e9s de Petroecuador, ratifica su compromiso con el desarrollo y bienestar de las comunidades de todo el pa\u00eds.<\/p>\n\n\n\n<hr class=\"wp-block-separator has-alpha-channel-opacity\"\/>\n\n\n\n<figure class=\"is-layout-flex wp-block-gallery-1 wp-block-gallery has-nested-images columns-default is-cropped\">\n<figure class=\"wp-block-image size-large\"><a href=\"https:\/\/www.eppetroecuador.ec\/wp-content\/uploads\/2025\/10\/54857353043_a72c238b5a_k.jpg\"><img decoding=\"async\" loading=\"lazy\" width=\"1024\" height=\"683\" data-id=\"27544\"  src=\"https:\/\/www.eppetroecuador.ec\/wp-content\/uploads\/2025\/10\/54857353043_a72c238b5a_k-1024x683.jpg\" alt=\"\" class=\"wp-image-27544\" srcset=\"https:\/\/www.eppetroecuador.ec\/wp-content\/uploads\/2025\/10\/54857353043_a72c238b5a_k-1024x683.jpg 1024w, https:\/\/www.eppetroecuador.ec\/wp-content\/uploads\/2025\/10\/54857353043_a72c238b5a_k-300x200.jpg 300w, https:\/\/www.eppetroecuador.ec\/wp-content\/uploads\/2025\/10\/54857353043_a72c238b5a_k-768x512.jpg 768w, https:\/\/www.eppetroecuador.ec\/wp-content\/uploads\/2025\/10\/54857353043_a72c238b5a_k-1536x1024.jpg 1536w, https:\/\/www.eppetroecuador.ec\/wp-content\/uploads\/2025\/10\/54857353043_a72c238b5a_k-24x16.jpg 24w, https:\/\/www.eppetroecuador.ec\/wp-content\/uploads\/2025\/10\/54857353043_a72c238b5a_k-36x24.jpg 36w, https:\/\/www.eppetroecuador.ec\/wp-content\/uploads\/2025\/10\/54857353043_a72c238b5a_k-48x32.jpg 48w, https:\/\/www.eppetroecuador.ec\/wp-content\/uploads\/2025\/10\/54857353043_a72c238b5a_k.jpg 2048w\" sizes=\"(max-width: 1024px) 100vw, 1024px\" \/><\/a><\/figure>\n\n\n\n<figure class=\"wp-block-image size-large\"><a href=\"https:\/\/www.eppetroecuador.ec\/wp-content\/uploads\/2025\/10\/54857306968_afe89606c7_k.jpg\"><img decoding=\"async\" loading=\"lazy\" width=\"1024\" height=\"683\" data-id=\"27545\"  src=\"https:\/\/www.eppetroecuador.ec\/wp-content\/uploads\/2025\/10\/54857306968_afe89606c7_k-1024x683.jpg\" alt=\"\" class=\"wp-image-27545\" srcset=\"https:\/\/www.eppetroecuador.ec\/wp-content\/uploads\/2025\/10\/54857306968_afe89606c7_k-1024x683.jpg 1024w, https:\/\/www.eppetroecuador.ec\/wp-content\/uploads\/2025\/10\/54857306968_afe89606c7_k-300x200.jpg 300w, https:\/\/www.eppetroecuador.ec\/wp-content\/uploads\/2025\/10\/54857306968_afe89606c7_k-768x512.jpg 768w, https:\/\/www.eppetroecuador.ec\/wp-content\/uploads\/2025\/10\/54857306968_afe89606c7_k-1536x1024.jpg 1536w, https:\/\/www.eppetroecuador.ec\/wp-content\/uploads\/2025\/10\/54857306968_afe89606c7_k-24x16.jpg 24w, https:\/\/www.eppetroecuador.ec\/wp-content\/uploads\/2025\/10\/54857306968_afe89606c7_k-36x24.jpg 36w, https:\/\/www.eppetroecuador.ec\/wp-content\/uploads\/2025\/10\/54857306968_afe89606c7_k-48x32.jpg 48w, https:\/\/www.eppetroecuador.ec\/wp-content\/uploads\/2025\/10\/54857306968_afe89606c7_k.jpg 2048w\" sizes=\"(max-width: 1024px) 100vw, 1024px\" \/><\/a><\/figure>\n\n\n\n<figure class=\"wp-block-image size-large\"><a href=\"https:\/\/www.eppetroecuador.ec\/wp-content\/uploads\/2025\/10\/54857057721_779307d0e4_k.jpg\"><img decoding=\"async\" loading=\"lazy\" width=\"1024\" height=\"683\" data-id=\"27546\"  src=\"https:\/\/www.eppetroecuador.ec\/wp-content\/uploads\/2025\/10\/54857057721_779307d0e4_k-1024x683.jpg\" alt=\"\" class=\"wp-image-27546\" srcset=\"https:\/\/www.eppetroecuador.ec\/wp-content\/uploads\/2025\/10\/54857057721_779307d0e4_k-1024x683.jpg 1024w, https:\/\/www.eppetroecuador.ec\/wp-content\/uploads\/2025\/10\/54857057721_779307d0e4_k-300x200.jpg 300w, https:\/\/www.eppetroecuador.ec\/wp-content\/uploads\/2025\/10\/54857057721_779307d0e4_k-768x512.jpg 768w, https:\/\/www.eppetroecuador.ec\/wp-content\/uploads\/2025\/10\/54857057721_779307d0e4_k-1536x1024.jpg 1536w, https:\/\/www.eppetroecuador.ec\/wp-content\/uploads\/2025\/10\/54857057721_779307d0e4_k-24x16.jpg 24w, https:\/\/www.eppetroecuador.ec\/wp-content\/uploads\/2025\/10\/54857057721_779307d0e4_k-36x24.jpg 36w, https:\/\/www.eppetroecuador.ec\/wp-content\/uploads\/2025\/10\/54857057721_779307d0e4_k-48x32.jpg 48w, https:\/\/www.eppetroecuador.ec\/wp-content\/uploads\/2025\/10\/54857057721_779307d0e4_k.jpg 2048w\" sizes=\"(max-width: 1024px) 100vw, 1024px\" \/><\/a><\/figure>\n<\/figure>\n","protected":false},"excerpt":{"rendered":"<p class=\"excerpt\">Bolet\u00edn de Prensa Nro. 21 15 de octubre\u00a0de\u00a02025 Este 15 de octubre de 2025, en Anconcito (cant\u00f3n Salinas, provincia de Santa Elena), el presidente de la Rep\u00fablica, Daniel Noboa Azin; la ministra de Ambiente y Energ\u00eda, In\u00e9s Manzano; el alcalde de Salinas, Dennis C\u00f3rdova, y la comunidad de Anconcito participaron en el evento por la firma del convenio no reembolsable&hellip; <a href=\"https:\/\/www.eppetroecuador.ec\/?p=27542\">Read more &rarr;<\/a><\/p>\n","protected":false},"author":9,"featured_media":27543,"comment_status":"open","ping_status":"open","sticky":false,"template":"","format":"standard","meta":[],"categories":[5,6],"tags":[],"_links":{"self":[{"href":"https:\/\/www.eppetroecuador.ec\/index.php?rest_route=\/wp\/v2\/posts\/27542"}],"collection":[{"href":"https:\/\/www.eppetroecuador.ec\/index.php?rest_route=\/wp\/v2\/posts"}],"about":[{"href":"https:\/\/www.eppetroecuador.ec\/index.php?rest_route=\/wp\/v2\/types\/post"}],"author":[{"embeddable":true,"href":"https:\/\/www.eppetroecuador.ec\/index.php?rest_route=\/wp\/v2\/users\/9"}],"replies":[{"embeddable":true,"href":"https:\/\/www.eppetroecuador.ec\/index.php?rest_route=%2Fwp%2Fv2%2Fcomments&post=27542"}],"version-history":[{"count":2,"href":"https:\/\/www.eppetroecuador.ec\/index.php?rest_route=\/wp\/v2\/posts\/27542\/revisions"}],"predecessor-version":[{"id":27548,"href":"https:\/\/www.eppetroecuador.ec\/index.php?rest_route=\/wp\/v2\/posts\/27542\/revisions\/27548"}],"wp:featuredmedia":[{"embeddable":true,"href":"https:\/\/www.eppetroecuador.ec\/index.php?rest_route=\/wp\/v2\/media\/27543"}],"wp:attachment":[{"href":"https:\/\/www.eppetroecuador.ec\/index.php?rest_route=%2Fwp%2Fv2%2Fmedia&parent=27542"}],"wp:term":[{"taxonomy":"category","embeddable":true,"href":"https:\/\/www.eppetroecuador.ec\/index.php?rest_route=%2Fwp%2Fv2%2Fcategories&post=27542"},{"taxonomy":"post_tag","embeddable":true,"href":"https:\/\/www.eppetroecuador.ec\/index.php?rest_route=%2Fwp%2Fv2%2Ftags&post=27542"}],"curies":[{"name":"wp","href":"https:\/\/api.w.org\/{rel}","templated":true}]}}