{"id":27056,"date":"2025-07-29T16:37:43","date_gmt":"2025-07-29T21:37:43","guid":{"rendered":"https:\/\/www.eppetroecuador.ec\/?p=27056"},"modified":"2025-07-30T16:31:30","modified_gmt":"2025-07-30T21:31:30","slug":"servicio-de-transporte-fluvial-de-pasajeros-para-los-bloque12-epf-12-panacocha-15-cpf-31-apaika-y-43-itt-fi-epp-2025-003","status":"publish","type":"post","link":"https:\/\/www.eppetroecuador.ec\/?p=27056","title":{"rendered":"SERVICIO DE TRANSPORTE FLUVIAL DE PASAJEROS PARA LOS BLOQUE12\u00a0EPF, 12\u00a0PA\u00d1ACOCHA, 15\u00a0CPF, 31\u00a0APAIKA\u00a0y 43 ITT (FI-EPP-2025-003)"},"content":{"rendered":"\n<p style=\"font-size:16px\">La EMPRESA P\u00daBLICA DE HIDROCARBUROS DEL ECUADOR, EP PETROECUADOR, convoca a trav\u00e9s del portal institucional del Servicio Nacional de Contrataci\u00f3n P\u00fablica: www.compraspublicas.gob.ec y en el medio de comunicaci\u00f3n Radio Sucumb\u00edos 105.3 y 100.5 FM el 22 de julio de 2025, seg\u00fan lo previsto en el art\u00edculo 227 del Reglamento General de la Ley Org\u00e1nica del Sistema Nacional de Contrataci\u00f3n P\u00fablica (RGLOSNCP), a todas las personas naturales o jur\u00eddicas, ya sea de manera individual o a trav\u00e9s de asociaciones o consorcios legalmente constituidas o con compromiso de asociaci\u00f3n o consorcios u Organizaciones de Integraci\u00f3n Econ\u00f3mica, cuando se trate del sector EPS, que est\u00e9n domiciliadas en los cantones de Aguarico y Francisco de Orellana, en la Provincia de Orellana; y, cant\u00f3n Shushufindi en la Provincia de Sucumb\u00edos, para que presenten sus ofertas relacionadas con la contrataci\u00f3n del \u201cSERVICIO DE TRANSPORTE FLUVIAL DE PASAJEROS PARA LOS BLOQUES 12 EPF, 12 PA\u00d1ACOCHA, 15 CPF, 31 APAIKA y 43 ITT\u201d, que est\u00e9n habilitadas en el Registro \u00danico de Proveedores &#8211; RUP, siempre y cuando cumplan una de las siguientes condiciones de inclusi\u00f3n del:&nbsp;<strong><em>SERVICIO DE TRANSPORTE FLUVIAL DE PASAJEROS PARA LOS BLOQUES 12 EPF, 12 PA\u00d1ACOCHA, 15 CPF, 31 APAIKA y 43 ITT.&nbsp;<\/em>(FI-EPP-2025-003).<\/strong><\/p>\n\n\n\n<hr class=\"wp-block-separator has-alpha-channel-opacity\"\/>\n\n\n\n<p class=\"has-vivid-red-color has-text-color has-medium-font-size\"><strong>Participantes&nbsp;<\/strong><\/p>\n\n\n\n<ol>\n<li>Productores Individuales<\/li>\n\n\n\n<li>Organizaciones de econom\u00eda popular y solidaria conformadas en los sectores comunitarios, asociativos y cooperativos<\/li>\n\n\n\n<li>Unidades Econ\u00f3micas Populares<\/li>\n\n\n\n<li>Agricultura familiar y campesina<\/li>\n\n\n\n<li>Actores art\u00edsticos y culturales<\/li>\n\n\n\n<li>Artesanos&nbsp;<\/li>\n\n\n\n<li>Micro y peque\u00f1as unidades productivas<\/li>\n<\/ol>\n\n\n\n<hr class=\"wp-block-separator has-alpha-channel-opacity\"\/>\n\n\n\n<p class=\"has-vivid-red-color has-text-color has-medium-font-size\"><strong>Zona Oriente<\/strong><\/p>\n\n\n\n<p>En los siguientes enlaces podr\u00e1 conocer el procedimiento y las condiciones para participar en el proceso de contrataci\u00f3n:<\/p>\n\n\n\n<ul>\n<li><a href=\"https:\/\/www.eppetroecuador.ec\/wp-content\/uploads\/2025\/07\/Presentacion-final-fluvial-1.pdf\">Presentaci\u00f3n<\/a><\/li>\n\n\n\n<li><a href=\"https:\/\/www.eppetroecuador.ec\/wp-content\/uploads\/2025\/07\/Termino-de-Referencia.pdf\">T\u00e9rminos de Referencia <\/a><\/li>\n\n\n\n<li><a href=\"https:\/\/www.eppetroecuador.ec\/wp-content\/uploads\/2025\/07\/Pliego-del-proceso.pdf\">Pliego<\/a><\/li>\n\n\n\n<li><a href=\"https:\/\/www.eppetroecuador.ec\/wp-content\/uploads\/2025\/07\/Resolucion-de-incio.pdf\">Resoluci\u00f3n de inicio <\/a><\/li>\n\n\n\n<li><a href=\"https:\/\/www.compraspublicas.gob.ec\/ProcesoContratacion\/compras\/PC\/informacionProcesoContratacion2.cpe?idSoliCompra=TNBvqmzFHMmLukzMHcrdMbZ0cbdJMmE9b_9udcEA-4A,\">Proceso contrataci\u00f3n<\/a><\/li>\n<\/ul>\n\n\n\n<hr class=\"wp-block-separator has-alpha-channel-opacity\"\/>\n\n\n\n<p class=\"has-vivid-red-color has-text-color has-medium-font-size\"><strong>Cronograma&nbsp;<\/strong><\/p>\n\n\n\n<figure class=\"wp-block-table has-small-font-size\"><table><tbody><tr><td><strong>ACTIVIDAD<\/strong><\/td><td><strong>FECHA<\/strong><\/td><td><strong>HORA<\/strong><\/td><\/tr><tr><td>FECHA DE PUBLICACI\u00d3N Y CONVOCATORIA EN EL SOCE<\/td><td>24\/7\/2025<\/td><td>20:00<\/td><\/tr><tr><td>SOCIALIZACI\u00d3N: DIFUSI\u00d3N DE PROCESO DE FERIA INCLUSIVA y TALLER PARA PRESENTACI\u00d3N DE OFERTAS (PRESENCIAL VIRTUAL)<\/td><td>30\/7\/2025<\/td><td>9:00<\/td><\/tr><tr><td>FECHA L\u00cdMITE PARA REMITIR PREGUNTAS V\u00cdA CORREO ELECTR\u00d3NICO<\/td><td>31\/7\/2025<\/td><td>10:00<\/td><\/tr><tr><td>AUDIENCIA DE PREGUNTAS, RESPUESTAS Y ACLARACIONES (VIRTUAL)<\/td><td>31\/7\/2025<\/td><td>10:00<\/td><\/tr><tr><td>FECHA L\u00cdMITE DE PUBLICACI\u00d3N DE ACTA DE PREGUNTAS, RESPUESTAS Y ACLARACIONES EN EL SOCE<\/td><td>31\/7\/2025<\/td><td>20:00<\/td><\/tr><tr><td>MESAS DE AYUDA PARA PRESENTACI\u00d3N DE OFERTAS (VIRTUAL)<\/td><td>05\/08\/2025 AL 07\/08\/2025<\/td><td>09::00 A 16::00<\/td><\/tr><tr><td>FECHA L\u00cdMITE DE ADHESI\u00d3N A LOS T\u00c9RMINOS DE REFERENCIA Y CONDICIONES ECON\u00d3MICAS<\/td><td>8\/8\/2025<\/td><td>17:00<\/td><\/tr><tr><td>FECHA L\u00cdMITE SOLICITAR CONVALIDACI\u00d3N&nbsp;<\/td><td>13\/8\/2025<\/td><td>17:00<\/td><\/tr><tr><td>FECHA L\u00cdMITE RESPUESTA CONVALIDACI\u00d3N&nbsp;<\/td><td>18\/8\/2025<\/td><td>17:00<\/td><\/tr><tr><td>FECHA L\u00cdMITE DE VERIFICACI\u00d3N DE CUMPLIMIENTO DE REQUISITOS M\u00cdNIMOS (EVALUACI\u00d3N DE OFERTAS)<\/td><td>21\/8\/2025<\/td><td>17::00<\/td><\/tr><tr><td>FECHA L\u00cdMITE DE ADJUDICACI\u00d3N&nbsp;<\/td><td>29\/8\/2025<\/td><td>18:00<\/td><\/tr><\/tbody><\/table><\/figure>\n\n\n\n<hr class=\"wp-block-separator has-alpha-channel-opacity\"\/>\n\n\n\n<p class=\"has-luminous-vivid-orange-color has-text-color\" style=\"font-size:16px\"><strong>Socializaci\u00f3n de Feria Inclusiva<\/strong><\/p>\n\n\n\n<p>Mi\u00e9rcoles, 30 de julio 2025<\/p>\n\n\n\n<p>09h00 a 10h00<\/p>\n\n\n\n<p>Virtual<\/p>\n\n\n\n<p><a href=\"https:\/\/us06web.zoom.us\/j\/88609876257?pwd=wJTSvJkqxlTgb7NblKytE3VjSkObu2.1\">Haga Clic para Unirse a la reuni\u00f3n ( Plataforma Zoom)<\/a><\/p>\n\n\n\n<p>ID de reuni\u00f3n: 886 0987 6257&nbsp;<br>C\u00f3digo de acceso: 683421&nbsp;<\/p>\n\n\n\n<hr class=\"wp-block-separator has-alpha-channel-opacity\"\/>\n\n\n\n<p class=\"has-luminous-vivid-orange-color has-text-color\"><strong>Audiencia de preguntas, respuestas y aclaraciones<\/strong><\/p>\n\n\n\n<p>Jueves, 31 de julio 2025<\/p>\n\n\n\n<p>10h00 a 12h00<\/p>\n\n\n\n<p><a href=\"https:\/\/us06web.zoom.us\/j\/88609876257?pwd=wJTSvJkqxlTgb7NblKytE3VjSkObu2.1\">Haga Clic para Unirse a la reuni\u00f3n ( Plataforma Zoom)<\/a><\/p>\n\n\n\n<p>ID de reuni\u00f3n: 886 0987 6257&nbsp;<br>C\u00f3digo de acceso: 683421&nbsp;<\/p>\n\n\n\n<hr class=\"wp-block-separator has-alpha-channel-opacity\"\/>\n\n\n\n<p class=\"has-luminous-vivid-orange-color has-text-color\"><strong>Mesas de ayuda para presentaci\u00f3n de ofertas<\/strong><\/p>\n\n\n\n<p>Desde, el 5 de agosto 2025 al 7 de agosto 2025<\/p>\n\n\n\n<p>9h00 a 16h00<\/p>\n\n\n\n<p><a href=\"https:\/\/us06web.zoom.us\/j\/88609876257?pwd=wJTSvJkqxlTgb7NblKytE3VjSkObu2.1\">Haga Clic para Unirse a la reuni\u00f3n ( Plataforma Zoom)<\/a><\/p>\n\n\n\n<p>ID de reuni\u00f3n: 886 0987 6257&nbsp;<br>C\u00f3digo de acceso: 683421&nbsp;<\/p>\n\n\n\n<hr class=\"wp-block-separator has-alpha-channel-opacity\"\/>\n\n\n\n<p class=\"has-luminous-vivid-orange-color has-text-color\"><strong>Apertura de ofertas<\/strong><\/p>\n\n\n\n<p>Viernes, 8 de agosto 2025<\/p>\n\n\n\n<p>17h00 a 18h00<\/p>\n\n\n\n<p><a href=\"https:\/\/us06web.zoom.us\/j\/88609876257?pwd=wJTSvJkqxlTgb7NblKytE3VjSkObu2.1\">Haga Clic para Unirse a la reuni\u00f3n ( Plataforma Zoom)<\/a><\/p>\n\n\n\n<p>ID de reuni\u00f3n: 886 0987 6257&nbsp;<br>C\u00f3digo de acceso: 683421&nbsp;<\/p>\n\n\n\n<hr class=\"wp-block-separator has-alpha-channel-opacity\"\/>\n\n\n\n<p class=\"has-small-font-size\"><strong>IMPORTANTE<\/strong>: Para una atenci\u00f3n oportuna, se recomienda solicitar sus reuniones con al menos 30 minutos de anticipaci\u00f3n.&nbsp;<\/p>\n\n\n\n<p class=\"has-small-font-size\"><strong>Nota<\/strong>: En caso de que los participantes no hayan recibido la invitaci\u00f3n de la sala, comunicarse al 73036 o contestando a este correo&nbsp;<a href=\"mailto:freddy.quintero@eppetroecuador.ec\">freddy.quintero@eppetroecuador.ec<\/a>&nbsp;solicitando el reenvi\u00f3 de las invitaciones.<\/p>\n\n\n\n<hr class=\"wp-block-separator has-alpha-channel-opacity\"\/>\n\n\n\n<p class=\"has-vivid-red-color has-text-color\"><strong>Contacto<\/strong><\/p>\n\n\n\n<p><a href=\"mailto:Mauricio.Arroba@eppetroecuador.ec\">Mauricio.Arroba@eppetroecuador.ec<\/a><\/p>\n\n\n\n<p><a href=\"mailto:Roberto.Flores@eppetroecuador.ec\">Roberto.Flores@eppetroecuador.ec<\/a><\/p>\n\n\n\n<p><a href=\"mailto:Victor.Beltran@eppetroecuador.ec\">Victor.Beltran@eppetroecuador.ec<\/a><\/p>\n\n\n\n<p><a href=\"mailto:Freddy.Quintero@eppetroecuador.ec\">Freddy.Quintero@eppetroecuador.ec<\/a><\/p>\n\n\n\n<div style=\"height:100px\" aria-hidden=\"true\" class=\"wp-block-spacer\"><\/div>\n","protected":false},"excerpt":{"rendered":"<p class=\"excerpt\">La EMPRESA P\u00daBLICA DE HIDROCARBUROS DEL ECUADOR, EP PETROECUADOR, convoca a trav\u00e9s del portal institucional del Servicio Nacional de Contrataci\u00f3n P\u00fablica: www.compraspublicas.gob.ec y en el medio de comunicaci\u00f3n Radio Sucumb\u00edos 105.3 y 100.5 FM el 22 de julio de 2025, seg\u00fan lo previsto en el art\u00edculo 227 del Reglamento General de la Ley Org\u00e1nica del Sistema Nacional de Contrataci\u00f3n P\u00fablica&hellip; <a href=\"https:\/\/www.eppetroecuador.ec\/?p=27056\">Read more &rarr;<\/a><\/p>\n","protected":false},"author":5,"featured_media":0,"comment_status":"open","ping_status":"open","sticky":false,"template":"","format":"standard","meta":[],"categories":[1],"tags":[],"_links":{"self":[{"href":"https:\/\/www.eppetroecuador.ec\/index.php?rest_route=\/wp\/v2\/posts\/27056"}],"collection":[{"href":"https:\/\/www.eppetroecuador.ec\/index.php?rest_route=\/wp\/v2\/posts"}],"about":[{"href":"https:\/\/www.eppetroecuador.ec\/index.php?rest_route=\/wp\/v2\/types\/post"}],"author":[{"embeddable":true,"href":"https:\/\/www.eppetroecuador.ec\/index.php?rest_route=\/wp\/v2\/users\/5"}],"replies":[{"embeddable":true,"href":"https:\/\/www.eppetroecuador.ec\/index.php?rest_route=%2Fwp%2Fv2%2Fcomments&post=27056"}],"version-history":[{"count":6,"href":"https:\/\/www.eppetroecuador.ec\/index.php?rest_route=\/wp\/v2\/posts\/27056\/revisions"}],"predecessor-version":[{"id":27075,"href":"https:\/\/www.eppetroecuador.ec\/index.php?rest_route=\/wp\/v2\/posts\/27056\/revisions\/27075"}],"wp:attachment":[{"href":"https:\/\/www.eppetroecuador.ec\/index.php?rest_route=%2Fwp%2Fv2%2Fmedia&parent=27056"}],"wp:term":[{"taxonomy":"category","embeddable":true,"href":"https:\/\/www.eppetroecuador.ec\/index.php?rest_route=%2Fwp%2Fv2%2Fcategories&post=27056"},{"taxonomy":"post_tag","embeddable":true,"href":"https:\/\/www.eppetroecuador.ec\/index.php?rest_route=%2Fwp%2Fv2%2Ftags&post=27056"}],"curies":[{"name":"wp","href":"https:\/\/api.w.org\/{rel}","templated":true}]}}