{"id":25420,"date":"2025-03-15T21:05:26","date_gmt":"2025-03-16T02:05:26","guid":{"rendered":"https:\/\/www.eppetroecuador.ec\/?p=25420"},"modified":"2025-03-15T22:29:08","modified_gmt":"2025-03-16T03:29:08","slug":"avanzan-trabajos-de-contencion-y-recuperacion-de-crudo-en-esmeraldas","status":"publish","type":"post","link":"https:\/\/www.eppetroecuador.ec\/?p=25420","title":{"rendered":"<strong>Avanzan trabajos de contenci\u00f3n y recuperaci\u00f3n de crudo en Esmeraldas\u00a0<\/strong>"},"content":{"rendered":"\n<blockquote class=\"wp-block-quote\">\n<p class=\"has-text-align-left\">15\/03\/2025<\/p>\n<\/blockquote>\n\n\n\n<blockquote class=\"wp-block-quote\">\n<p>Este s\u00e1bado 15 de marzo, el viceministro de Hidrocarburos, Guilhermo Ferreira, y el Gerente General (s) de EP Petroecuador, Roberto Concha, supervisaron en sitio las labores de respuesta al derrame de crudo ocasionado por la rotura del Sistema Oleoducto Transecuatoriano (SOTE) en el sector El Vergel, Quinind\u00e9, provincia de Esmeraldas. La causa del incidente fue un deslizamiento de tierra, producto de la temporada invernal.<\/p>\n<\/blockquote>\n\n\n\n<p style=\"font-size:16px\">Las autoridades constataron los avances de la implementaci\u00f3n inmediata del Plan de Contingencia, que permiti\u00f3 la instalaci\u00f3n de barreras de control y diques de contenci\u00f3n en puntos clave, una hora despu\u00e9s del incidente. En la zona del Puerto de Esmeraldas, 8 remolcadores aplicaron dispersantes, as\u00ed como dispersi\u00f3n mec\u00e1nica para tratar la mancha de crudo que se dirig\u00eda hacia el mar por efecto del viento y las corrientes.<\/p>\n\n\n\n<p style=\"font-size:16px\">M\u00e1s de un centenar de personas, entre t\u00e9cnicos de Petroecuador, el Cuerpo de Ingenieros del Ej\u00e9rcito, Oleoducto de Crudos Pesados (OCP) y empresas especializadas en remediaci\u00f3n ambiental, trabajan a tiempo completo en la zona. Los equipos de mantenimiento avanzan con la reconformaci\u00f3n del talud para asegurar la zona de la rotura, lo que permitir\u00e1 continuar con las tareas de reparaci\u00f3n y ubicaci\u00f3n del oleoducto.<\/p>\n\n\n\n<p style=\"font-size:16px\">Simult\u00e1neamente, los equipos de seguridad, salud y medio ambiente, con el apoyo de OCP, est\u00e1n recuperando el crudo mediante 17 camiones de succi\u00f3n (vacuum), 30 tanqueros, entre otros. Se han desplegado barreras de contenci\u00f3n en el estero que desemboca en el R\u00edo Viche y en su desembocadura en el R\u00edo Esmeraldas.&nbsp;<\/p>\n\n\n\n<p style=\"font-size:16px\">Mientras avanzan los trabajos para la reparaci\u00f3n de la tuber\u00eda, la recuperaci\u00f3n y limpieza del crudo, se prioriza la atenci\u00f3n a las familias cercanas al \u00e1rea afectada. Personal de relaciones comunitarias trabaja en el levantamiento de informaci\u00f3n y distribuci\u00f3n de agua segura, alimentos y atenci\u00f3n m\u00e9dica, en coordinaci\u00f3n con la Secretar\u00eda de Riesgos y el Ministerio de Salud P\u00fablica.<\/p>\n\n\n\n<p style=\"font-size:16px\">Una de las prioridades es garantizar el suministro de agua en el cant\u00f3n Esmeraldas, por lo que en coordinaci\u00f3n con la Armada, se distribuir\u00e1n 430 mil galones de agua entre lunes y martes, lo que se suma a lo que ya se est\u00e1 entregando desde el viernes con apoyo de OCP. Asimismo, se reforzaron las barreras en la toma de la planta de agua de San Mateo.<\/p>\n\n\n\n<p style=\"font-size:16px\">Entre las medidas adoptadas, se ha asegurado que las camaroneras cercanas no sufran contaminaci\u00f3n, coordinando el cierre de compuertas, antes de la llegada de las trazas de crudo.<\/p>\n\n\n\n<p style=\"font-size:16px\">Con el fin de mitigar el impacto en la comunidad, se contratar\u00e1 mano de obra local para las tareas de limpieza en zonas de playa y manglares, y adicionalmente se entregar\u00e1n kits alimenticios.<\/p>\n\n\n\n<p style=\"font-size:16px\">Petroecuador contin\u00faa trabajando de manera ininterrumpida para superar la situaci\u00f3n en el menor tiempo posible y minimizar los efectos en la zona.<\/p>\n\n\n\n<div style=\"height:45px\" aria-hidden=\"true\" class=\"wp-block-spacer\"><\/div>\n\n\n\n<figure class=\"wp-block-image size-full\"><a href=\"https:\/\/www.eppetroecuador.ec\/wp-content\/uploads\/2025\/03\/Puntos-de-Contencion-y-Control.png\"><img decoding=\"async\" loading=\"lazy\" width=\"1256\" height=\"935\" src=\"https:\/\/www.eppetroecuador.ec\/wp-content\/uploads\/2025\/03\/Puntos-de-Contencion-y-Control.png\" alt=\"\" class=\"wp-image-25423\" srcset=\"https:\/\/www.eppetroecuador.ec\/wp-content\/uploads\/2025\/03\/Puntos-de-Contencion-y-Control.png 1256w, https:\/\/www.eppetroecuador.ec\/wp-content\/uploads\/2025\/03\/Puntos-de-Contencion-y-Control-300x223.png 300w, https:\/\/www.eppetroecuador.ec\/wp-content\/uploads\/2025\/03\/Puntos-de-Contencion-y-Control-1024x762.png 1024w, https:\/\/www.eppetroecuador.ec\/wp-content\/uploads\/2025\/03\/Puntos-de-Contencion-y-Control-768x572.png 768w, https:\/\/www.eppetroecuador.ec\/wp-content\/uploads\/2025\/03\/Puntos-de-Contencion-y-Control-24x18.png 24w, https:\/\/www.eppetroecuador.ec\/wp-content\/uploads\/2025\/03\/Puntos-de-Contencion-y-Control-36x27.png 36w, https:\/\/www.eppetroecuador.ec\/wp-content\/uploads\/2025\/03\/Puntos-de-Contencion-y-Control-48x36.png 48w\" sizes=\"(max-width: 1256px) 100vw, 1256px\" \/><\/a><\/figure>\n\n\n\n<div style=\"height:45px\" aria-hidden=\"true\" class=\"wp-block-spacer\"><\/div>\n","protected":false},"excerpt":{"rendered":"<p class=\"excerpt\">15\/03\/2025 Este s\u00e1bado 15 de marzo, el viceministro de Hidrocarburos, Guilhermo Ferreira, y el Gerente General (s) de EP Petroecuador, Roberto Concha, supervisaron en sitio las labores de respuesta al derrame de crudo ocasionado por la rotura del Sistema Oleoducto Transecuatoriano (SOTE) en el sector El Vergel, Quinind\u00e9, provincia de Esmeraldas. La causa del incidente fue un deslizamiento de tierra,&hellip; <a href=\"https:\/\/www.eppetroecuador.ec\/?p=25420\">Read more &rarr;<\/a><\/p>\n","protected":false},"author":9,"featured_media":25422,"comment_status":"open","ping_status":"open","sticky":false,"template":"","format":"standard","meta":[],"categories":[1],"tags":[],"_links":{"self":[{"href":"https:\/\/www.eppetroecuador.ec\/index.php?rest_route=\/wp\/v2\/posts\/25420"}],"collection":[{"href":"https:\/\/www.eppetroecuador.ec\/index.php?rest_route=\/wp\/v2\/posts"}],"about":[{"href":"https:\/\/www.eppetroecuador.ec\/index.php?rest_route=\/wp\/v2\/types\/post"}],"author":[{"embeddable":true,"href":"https:\/\/www.eppetroecuador.ec\/index.php?rest_route=\/wp\/v2\/users\/9"}],"replies":[{"embeddable":true,"href":"https:\/\/www.eppetroecuador.ec\/index.php?rest_route=%2Fwp%2Fv2%2Fcomments&post=25420"}],"version-history":[{"count":15,"href":"https:\/\/www.eppetroecuador.ec\/index.php?rest_route=\/wp\/v2\/posts\/25420\/revisions"}],"predecessor-version":[{"id":25442,"href":"https:\/\/www.eppetroecuador.ec\/index.php?rest_route=\/wp\/v2\/posts\/25420\/revisions\/25442"}],"wp:featuredmedia":[{"embeddable":true,"href":"https:\/\/www.eppetroecuador.ec\/index.php?rest_route=\/wp\/v2\/media\/25422"}],"wp:attachment":[{"href":"https:\/\/www.eppetroecuador.ec\/index.php?rest_route=%2Fwp%2Fv2%2Fmedia&parent=25420"}],"wp:term":[{"taxonomy":"category","embeddable":true,"href":"https:\/\/www.eppetroecuador.ec\/index.php?rest_route=%2Fwp%2Fv2%2Fcategories&post=25420"},{"taxonomy":"post_tag","embeddable":true,"href":"https:\/\/www.eppetroecuador.ec\/index.php?rest_route=%2Fwp%2Fv2%2Ftags&post=25420"}],"curies":[{"name":"wp","href":"https:\/\/api.w.org\/{rel}","templated":true}]}}