{"id":24484,"date":"2024-11-05T11:54:23","date_gmt":"2024-11-05T16:54:23","guid":{"rendered":"https:\/\/www.eppetroecuador.ec\/?p=24484"},"modified":"2024-11-22T08:57:36","modified_gmt":"2024-11-22T13:57:36","slug":"cumplimiento-de-sentencia-constitucional-accion-proteccion-no-16571-2022-00283-veronica-alexandra-garcia-sanipatin-2","status":"publish","type":"post","link":"https:\/\/www.eppetroecuador.ec\/?p=24484","title":{"rendered":"<strong>Cumplimiento de Sentencia Constitucional \u2013 Acci\u00f3n Protecci\u00f3n No. 16571-2022-00283 \u2013 VER\u00d3NICA ALEXANDRA GARC\u00cdA SANIPAT\u00cdN<\/strong>"},"content":{"rendered":"\n<h5 class=\"has-medium-font-size\"><strong>Disculpas P\u00fablicas<\/strong><\/h5>\n\n\n\n<p>La Empresa P\u00fablica de Hidrocarburos del Ecuador, EP PETROECUADOR, ofrece disculpas p\u00fablicas a la se\u00f1ora\u00a0<strong>VER\u00d3NICA ALEXANDRA GARC\u00cdA SANIPAT\u00cdN<\/strong>, por la vulneraci\u00f3n de derechos constitucionales concernientes a la seguridad jur\u00eddica, al debido proceso en la garant\u00eda de la motivaci\u00f3n, al trabajo y a la igualdad y no discriminaci\u00f3n y falta de protecci\u00f3n en su condici\u00f3n de mujer, madre y profesional, contenidos en los Art. 82, 76.7.l), 33 y 66.4 de la Constituci\u00f3n de la Rep\u00fablica, de acuerdo a lo dispuesto por el Juez de la Unidad Judicial de Violencia contra la Mujer o Miembros del N\u00facleo Familiar con sede en el Cant\u00f3n Pastaza, Provincia de Pastaza, dentro de la garant\u00eda jurisdiccional de acci\u00f3n de protecci\u00f3n No. 16571-2022-00283\u201d.<\/p>\n\n\n\n<hr class=\"wp-block-separator has-alpha-channel-opacity\"\/>\n\n\n\n<p><a href=\"https:\/\/www.eppetroecuador.ec\/wp-content\/uploads\/2024\/11\/Sentencia-Primera-Instancia-Accion-de-Proteccion-No.-16571-2022-00283.pdf\">Ver Sentencia Primera Instancia<\/a><\/p>\n\n\n\n<p><a href=\"https:\/\/www.eppetroecuador.ec\/wp-content\/uploads\/2024\/11\/Sentencia-Segunda-Instancia-Accion-de-Proteccion-No.-16571-2022-00283.pdf\">Ver Sentencia Segunda Instancia<\/a><\/p>\n\n\n\n<div style=\"height:100px\" aria-hidden=\"true\" class=\"wp-block-spacer\"><\/div>\n","protected":false},"excerpt":{"rendered":"<p class=\"excerpt\">Disculpas P\u00fablicas La Empresa P\u00fablica de Hidrocarburos del Ecuador, EP PETROECUADOR, ofrece disculpas p\u00fablicas a la se\u00f1ora\u00a0VER\u00d3NICA ALEXANDRA GARC\u00cdA SANIPAT\u00cdN, por la vulneraci\u00f3n de derechos constitucionales concernientes a la seguridad jur\u00eddica, al debido proceso en la garant\u00eda de la motivaci\u00f3n, al trabajo y a la igualdad y no discriminaci\u00f3n y falta de protecci\u00f3n en su condici\u00f3n de mujer, madre y&hellip; <a href=\"https:\/\/www.eppetroecuador.ec\/?p=24484\">Read more &rarr;<\/a><\/p>\n","protected":false},"author":5,"featured_media":0,"comment_status":"open","ping_status":"open","sticky":false,"template":"","format":"standard","meta":[],"categories":[1],"tags":[],"_links":{"self":[{"href":"https:\/\/www.eppetroecuador.ec\/index.php?rest_route=\/wp\/v2\/posts\/24484"}],"collection":[{"href":"https:\/\/www.eppetroecuador.ec\/index.php?rest_route=\/wp\/v2\/posts"}],"about":[{"href":"https:\/\/www.eppetroecuador.ec\/index.php?rest_route=\/wp\/v2\/types\/post"}],"author":[{"embeddable":true,"href":"https:\/\/www.eppetroecuador.ec\/index.php?rest_route=\/wp\/v2\/users\/5"}],"replies":[{"embeddable":true,"href":"https:\/\/www.eppetroecuador.ec\/index.php?rest_route=%2Fwp%2Fv2%2Fcomments&post=24484"}],"version-history":[{"count":2,"href":"https:\/\/www.eppetroecuador.ec\/index.php?rest_route=\/wp\/v2\/posts\/24484\/revisions"}],"predecessor-version":[{"id":24654,"href":"https:\/\/www.eppetroecuador.ec\/index.php?rest_route=\/wp\/v2\/posts\/24484\/revisions\/24654"}],"wp:attachment":[{"href":"https:\/\/www.eppetroecuador.ec\/index.php?rest_route=%2Fwp%2Fv2%2Fmedia&parent=24484"}],"wp:term":[{"taxonomy":"category","embeddable":true,"href":"https:\/\/www.eppetroecuador.ec\/index.php?rest_route=%2Fwp%2Fv2%2Fcategories&post=24484"},{"taxonomy":"post_tag","embeddable":true,"href":"https:\/\/www.eppetroecuador.ec\/index.php?rest_route=%2Fwp%2Fv2%2Ftags&post=24484"}],"curies":[{"name":"wp","href":"https:\/\/api.w.org\/{rel}","templated":true}]}}