{"id":23575,"date":"2024-08-14T17:29:19","date_gmt":"2024-08-14T22:29:19","guid":{"rendered":"https:\/\/www.eppetroecuador.ec\/?p=23575"},"modified":"2024-08-20T12:17:06","modified_gmt":"2024-08-20T17:17:06","slug":"servicio-de-transporte-para-el-personal-de-la-zona-oriente-bloques-7-payamino-12-panacocha-16-67-tivacuno-18-palo-azul-21-yuralpa-43-itt-49-bermejo-56-lago-agrio-57-shushufindi-57-libertador","status":"publish","type":"post","link":"https:\/\/www.eppetroecuador.ec\/?p=23575","title":{"rendered":"SERVICIO DE TRANSPORTE PARA EL PERSONAL DE LA ZONA ORIENTE BLOQUES: 7 PAYAMINO, 12 PA\u00d1ACOCHA, 16-67 TIVACUNO, 18 PALO AZUL, 21 YURALPA, 43 ITT, 49 BERMEJO, 56 LAGO AGRIO, 57 SHUSHUFINDI, 57 LIBERTADOR,58 CUYABENO Y 61 AUCA DE LA ZONA ORIENTE (FI-EPP-2024-001)"},"content":{"rendered":"\n<p><\/p>\n\n\n\n<figure class=\"wp-block-image size-large\"><a href=\"https:\/\/www.eppetroecuador.ec\/wp-content\/uploads\/2024\/08\/49-MAN-1024x768-1.jpeg\"><img decoding=\"async\" loading=\"lazy\" width=\"1024\" height=\"419\" src=\"https:\/\/www.eppetroecuador.ec\/wp-content\/uploads\/2024\/08\/49-MAN-1024x768-1-1024x419.jpeg\" alt=\"\" class=\"wp-image-23576\" srcset=\"https:\/\/www.eppetroecuador.ec\/wp-content\/uploads\/2024\/08\/49-MAN-1024x768-1-1024x419.jpeg 1024w, https:\/\/www.eppetroecuador.ec\/wp-content\/uploads\/2024\/08\/49-MAN-1024x768-1-300x123.jpeg 300w, https:\/\/www.eppetroecuador.ec\/wp-content\/uploads\/2024\/08\/49-MAN-1024x768-1-768x315.jpeg 768w, https:\/\/www.eppetroecuador.ec\/wp-content\/uploads\/2024\/08\/49-MAN-1024x768-1-1536x629.jpeg 1536w, https:\/\/www.eppetroecuador.ec\/wp-content\/uploads\/2024\/08\/49-MAN-1024x768-1-24x10.jpeg 24w, https:\/\/www.eppetroecuador.ec\/wp-content\/uploads\/2024\/08\/49-MAN-1024x768-1-36x15.jpeg 36w, https:\/\/www.eppetroecuador.ec\/wp-content\/uploads\/2024\/08\/49-MAN-1024x768-1-48x20.jpeg 48w, https:\/\/www.eppetroecuador.ec\/wp-content\/uploads\/2024\/08\/49-MAN-1024x768-1.jpeg 1875w\" sizes=\"(max-width: 1024px) 100vw, 1024px\" \/><\/a><\/figure>\n\n\n\n<div style=\"height:32px\" aria-hidden=\"true\" class=\"wp-block-spacer\"><\/div>\n\n\n\n<p>EP PETROECUADOR, convoca a todas las personas naturales o jur\u00eddicas, ya sea de manera individual o a trav\u00e9s de asociaciones o consorcios legalmente constituidas o con compromiso de asociaci\u00f3n o consorcios u Organizaciones de Integraci\u00f3n Econ\u00f3mica, cuando se trate del sector EPS, que est\u00e9n domiciliadas en los cantones Francisco de Orellana, Shushufindi, Joya de los Sanchas, Tena, Aguarico, Cascales, Lago Agrio, Putumayo, Provincias de Orellana, Sucumb\u00edos, Napo, para que presenten sus ofertas relacionadas con el SERVICIO DE TRANSPORTE PARA EL PERSONAL DE LA ZONA ORIENTE BLOQUES: 7 PAYAMINO, 12 PA\u00d1ACOCHA, 16-67 TIVACUNO, 18 PALO AZUL, 21 YURALPA, 43 ITT, 49 BERMEJO, 56 LAGO AGRIO, 57 SHUSHUFINDI, 57 LIBERTADOR,58 CUYABENO Y 61 AUCA DE LA ZONA ORIENTE DE EP PETROECUADOR (FI-EPP-2024-001) que est\u00e9n habilitadas en el Registro \u00danico de Proveedores \u2013 RUP.<\/p>\n\n\n\n<hr class=\"wp-block-separator has-alpha-channel-opacity\"\/>\n\n\n\n<h4 class=\"has-vivid-red-color has-text-color has-medium-font-size\"><strong>Participantes<\/strong><\/h4>\n\n\n\n<ul>\n<li>Productores individuales;<\/li>\n\n\n\n<li>Organizaciones de econom\u00eda popular y solidaria: sectores comunitarios, asociativos, cooperativos;<\/li>\n\n\n\n<li>Unidades econ\u00f3micas populares;<\/li>\n\n\n\n<li>Agricultura familiar y campesina;<\/li>\n\n\n\n<li>Actores art\u00edsticos y culturales;<\/li>\n\n\n\n<li>Artesanos; y,<\/li>\n\n\n\n<li>Micro y peque\u00f1as unidades productivas.<\/li>\n<\/ul>\n\n\n\n<hr class=\"wp-block-separator has-alpha-channel-opacity\"\/>\n\n\n\n<h4 class=\"has-vivid-red-color has-text-color has-medium-font-size\"><strong>Zona Oriente<\/strong><\/h4>\n\n\n\n<p>En los siguientes enlaces podr\u00e1 conocer el procedimiento y las condiciones para participar en el proceso de contrataci\u00f3n:<\/p>\n\n\n\n<ul>\n<li><a href=\"http:\/\/www.eppetroecuador.ec\/wp-content\/plugins\/download-monitor\/download.php?id=3812\">Presentaci\u00f3n<\/a><\/li>\n\n\n\n<li><a href=\"http:\/\/www.eppetroecuador.ec\/wp-content\/plugins\/download-monitor\/download.php?id=3811\">T\u00e9rminos de Referencia<\/a><\/li>\n\n\n\n<li><a href=\"http:\/\/www.eppetroecuador.ec\/wp-content\/plugins\/download-monitor\/download.php?id=3809\">Pliego<\/a><\/li>\n\n\n\n<li><a href=\"http:\/\/www.eppetroecuador.ec\/wp-content\/plugins\/download-monitor\/download.php?id=3810\">Resoluci\u00f3n de inicio<\/a><\/li>\n\n\n\n<li><a href=\"https:\/\/www.compraspublicas.gob.ec\/ProcesoContratacion\/compras\/PC\/informacionProcesoContratacion2.cpe?idSoliCompra=piNQilTRIYJMCyfT9EL8SSwF7hz01yKFD9_tQCqhKK4\">Proceso contrataci\u00f3n<\/a><\/li>\n\n\n\n<li><a href=\"http:\/\/www.eppetroecuador.ec\/wp-content\/plugins\/download-monitor\/download.php?id=3813\">Correos electr\u00f3nicos<\/a><\/li>\n<\/ul>\n\n\n\n<hr class=\"wp-block-separator has-alpha-channel-opacity\"\/>\n\n\n\n<hr class=\"wp-block-separator has-alpha-channel-opacity\"\/>\n\n\n\n<p class=\"has-vivid-red-color has-text-color has-medium-font-size\"><strong>Cronograma<\/strong><\/p>\n\n\n\n<figure class=\"wp-block-table\"><table><tbody><tr><td><strong>Fecha de Publicaci\u00f3n y Convocatoria<\/strong><\/td><td>12\/agosto\/2024 17:00:00&nbsp;<\/td><\/tr><tr><td><strong>Socializaci\u00f3n: Difusi\u00f3n de Proceso de Feria Inclusiva y taller para presentaci\u00f3n de ofertas (presencial)&nbsp;<\/strong><\/td><td>15\/agosto\/2024 10:00:00&nbsp;<\/td><\/tr><tr><td><strong>Fecha L\u00edmite para remitir preguntas v\u00eda correo electr\u00f3nico<\/strong><\/td><td>19\/agosto\/2024 08:00:00<\/td><\/tr><tr><td><strong>Audiencia de Preguntas, respuestas y Aclaraciones (virtual)<\/strong><\/td><td>19\/agosto\/2024 10:00:00<\/td><\/tr><tr><td><strong>Fecha L\u00edmite de Publicaci\u00f3n de Acta de Preguntas, Respuestas y Aclaraciones en el SOCE<\/strong><\/td><td>19\/agosto\/2024 17:00:00&nbsp;<\/td><\/tr><tr><td><strong>Mesas de Ayuda para presentaci\u00f3n de Ofertas (Virtual)<\/strong><\/td><td>Del 20 al 21 de agosto de 2024 (08:00:00 a 15:00:00)<\/td><\/tr><tr><td><strong>Fecha L\u00edmite de Adhesi\u00f3n a las especificaciones t\u00e9cnicas o t\u00e9rminos de referencia y condiciones econ\u00f3micas.<\/strong><\/td><td>2024-08-22 17:00:00&nbsp;<\/td><\/tr><tr><td><strong>Fecha L\u00edmite solicitar Convalidaci\u00f3n<\/strong><\/td><td>2024-08-26 17:00:00&nbsp;<\/td><\/tr><tr><td><strong>Fecha L\u00edmite respuesta Convalidaci\u00f3n<\/strong><\/td><td>2024-09-02 17:00:00&nbsp;<\/td><\/tr><tr><td><strong>Fecha L\u00edmite de Verificaci\u00f3n de cumplimiento de requisitos m\u00ednimos<\/strong><\/td><td>2024-09-03 17:00:00&nbsp;<\/td><\/tr><tr><td><strong>Fecha L\u00edmite de Adjudicaci\u00f3n<\/strong><\/td><td>2024-09-05 17:00:00&nbsp;<\/td><\/tr><\/tbody><\/table><\/figure>\n\n\n\n<hr class=\"wp-block-separator has-alpha-channel-opacity\"\/>\n\n\n\n<hr class=\"wp-block-separator has-alpha-channel-opacity\"\/>\n\n\n\n<p class=\"has-vivid-red-color has-text-color has-small-font-size\"><strong>Socializaci\u00f3n de Feria Inclusiva<\/strong><\/p>\n\n\n\n<p>Jueves, 15 de agosto<\/p>\n\n\n\n<p>10h00 a 12h00<\/p>\n\n\n\n<p><strong>Presencial:<\/strong><\/p>\n\n\n\n<p>Sala de Reuniones del Edificio 2 de Refiner\u00eda Shushufindi<\/p>\n\n\n\n<p><strong>Virtual:<\/strong><\/p>\n\n\n\n<p><a href=\"https:\/\/teams.microsoft.com\/l\/meetup-join\/19%3ameeting_NDgwNjBhMjQtYTM1Ni00OTI4LTlhMDctZjIwNTA3YmE1MTQ1%40thread.v2\/0?context=%7b%22Tid%22%3a%2246d15e98-7f21-4e4a-acc1-fa8df0029898%22%2c%22Oid%22%3a%228250816c-0a13-48b0-b428-4bbc349226e3%22%7d\">Haga clic aqu\u00ed para unirse a la reuni\u00f3n<\/a><\/p>\n\n\n\n<p>ID de la reuni\u00f3n:&nbsp;279 378 184 47<br>C\u00f3digo de acceso:&nbsp;iCZR37<\/p>\n\n\n\n<hr class=\"wp-block-separator has-alpha-channel-opacity\"\/>\n\n\n\n<p class=\"has-vivid-red-color has-text-color has-small-font-size\"><strong>Audiencia de preguntas, respuestas y aclaraciones<\/strong><\/p>\n\n\n\n<p>Lunes, 19 de agosto<\/p>\n\n\n\n<p>08h00 a 12h00<\/p>\n\n\n\n<p><a href=\"https:\/\/teams.microsoft.com\/l\/meetup-join\/19%3ameeting_NzliZTgwNzUtZGNkMy00YzRiLWJkNzAtYzIxYWYxZWMxYzhh%40thread.v2\/0?context=%7b%22Tid%22%3a%2246d15e98-7f21-4e4a-acc1-fa8df0029898%22%2c%22Oid%22%3a%229bf31fc0-e539-4d91-9920-b042056d39ca%22%7d\">Haga clic aqu\u00ed para unirse a la reuni\u00f3n<\/a><\/p>\n\n\n\n<p>ID de la reuni\u00f3n:&nbsp;294 470 147 401<br>C\u00f3digo de acceso:&nbsp;qyhYuQ<\/p>\n\n\n\n<hr class=\"wp-block-separator has-alpha-channel-opacity\"\/>\n\n\n\n<p class=\"has-vivid-red-color has-text-color has-small-font-size\"><strong>Mesas de ayuda para presentaci\u00f3n de ofertas<\/strong><\/p>\n\n\n\n<p>Martes, 20 de agosto<\/p>\n\n\n\n<p>08h00 a 15h00<\/p>\n\n\n\n<p><a href=\"https:\/\/teams.microsoft.com\/l\/meetup-join\/19%3ameeting_YjIyNzdlZjctZDhjYy00OTBjLTlkMjUtYmFjMDc2OTU0YjM4%40thread.v2\/0?context=%7b%22Tid%22%3a%2246d15e98-7f21-4e4a-acc1-fa8df0029898%22%2c%22Oid%22%3a%229bf31fc0-e539-4d91-9920-b042056d39ca%22%7d\">Haga clic aqu\u00ed para unirse a la reuni\u00f3n<\/a><\/p>\n\n\n\n<p>ID de la reuni\u00f3n:&nbsp;264 983 927 587<br>C\u00f3digo de acceso:&nbsp;PiEGcS<\/p>\n\n\n\n<hr class=\"wp-block-separator has-alpha-channel-opacity\"\/>\n\n\n\n<p class=\"has-vivid-red-color has-text-color has-small-font-size\"><strong>Mesas de ayuda para presentaci\u00f3n de ofertas<\/strong><\/p>\n\n\n\n<p>Mi\u00e9rcoles, 21 de agosto<\/p>\n\n\n\n<p>08h00 a 15h00<\/p>\n\n\n\n<p><a href=\"https:\/\/teams.microsoft.com\/l\/meetup-join\/19%3ameeting_MjQ2NGNjN2YtYzQ4Ny00ZjQzLWI1NzYtOWIxZTA4YmQyZmJj%40thread.v2\/0?context=%7b%22Tid%22%3a%2246d15e98-7f21-4e4a-acc1-fa8df0029898%22%2c%22Oid%22%3a%229bf31fc0-e539-4d91-9920-b042056d39ca%22%7d\">Haga clic aqu\u00ed para unirse a la reuni\u00f3n<\/a><\/p>\n\n\n\n<p>ID de la reuni\u00f3n:\u00a0211 643 071 082<br>C\u00f3digo de acceso:\u00a07Cqnqy<\/p>\n\n\n\n<hr class=\"wp-block-separator has-alpha-channel-opacity\"\/>\n\n\n\n<p class=\"has-vivid-red-color has-text-color\"><strong>Apertura de ofertas<\/strong><\/p>\n\n\n\n<p>Jueves, 22 de agosto<\/p>\n\n\n\n<p>18h00<\/p>\n\n\n\n<p><a href=\"https:\/\/teams.microsoft.com\/l\/meetup-join\/19%3ameeting_MGQyNzY0ZmEtZTgxOC00OGVhLTg3MTktYjM0MTQzMTYzNjZh%40thread.v2\/0?context=%7b%22Tid%22%3a%2246d15e98-7f21-4e4a-acc1-fa8df0029898%22%2c%22Oid%22%3a%229bf31fc0-e539-4d91-9920-b042056d39ca%22%7d\">Haga clic para unirse a la reuni\u00f3n<\/a><\/p>\n\n\n\n<p>ID de la reuni\u00f3n:\u00a0232 143 758 753<br>C\u00f3digo de acceso:\u00a0F9SUcY<\/p>\n\n\n\n<p><strong>IMPORTANTE<\/strong>: Para una atenci\u00f3n oportuna, se recomienda solicitar sus reuniones con al menos 30 minutos de anticipaci\u00f3n.&nbsp;<\/p>\n\n\n\n<hr class=\"wp-block-separator has-alpha-channel-opacity\"\/>\n\n\n\n<p><strong>Nota<\/strong>: En caso de que los participantes no hayan recibido la invitaci\u00f3n de la sala, comunicarse al 1111 o contestando a este correo solicitando el reenvi\u00f3 de las invitaciones.&nbsp;<\/p>\n\n\n\n<p><strong><u>Importante<\/u><\/strong>: Si la reuni\u00f3n programada fue grabada, le informamos que la grabaci\u00f3n estar\u00e1 disponible <strong>hasta 15 d\u00edas calendario<\/strong>&nbsp;luego de la fecha en la que se realiz\u00f3 la reuni\u00f3n.&nbsp;<\/p>\n\n\n\n<hr class=\"wp-block-separator has-alpha-channel-opacity\"\/>\n\n\n\n<hr class=\"wp-block-separator has-alpha-channel-opacity\"\/>\n\n\n\n<div style=\"height:100px\" aria-hidden=\"true\" class=\"wp-block-spacer\"><\/div>\n","protected":false},"excerpt":{"rendered":"<p class=\"excerpt\">EP PETROECUADOR, convoca a todas las personas naturales o jur\u00eddicas, ya sea de manera individual o a trav\u00e9s de asociaciones o consorcios legalmente constituidas o con compromiso de asociaci\u00f3n o consorcios u Organizaciones de Integraci\u00f3n Econ\u00f3mica, cuando se trate del sector EPS, que est\u00e9n domiciliadas en los cantones Francisco de Orellana, Shushufindi, Joya de los Sanchas, Tena, Aguarico, Cascales, Lago&hellip; <a href=\"https:\/\/www.eppetroecuador.ec\/?p=23575\">Read more &rarr;<\/a><\/p>\n","protected":false},"author":5,"featured_media":0,"comment_status":"open","ping_status":"open","sticky":false,"template":"","format":"standard","meta":[],"categories":[1],"tags":[],"_links":{"self":[{"href":"https:\/\/www.eppetroecuador.ec\/index.php?rest_route=\/wp\/v2\/posts\/23575"}],"collection":[{"href":"https:\/\/www.eppetroecuador.ec\/index.php?rest_route=\/wp\/v2\/posts"}],"about":[{"href":"https:\/\/www.eppetroecuador.ec\/index.php?rest_route=\/wp\/v2\/types\/post"}],"author":[{"embeddable":true,"href":"https:\/\/www.eppetroecuador.ec\/index.php?rest_route=\/wp\/v2\/users\/5"}],"replies":[{"embeddable":true,"href":"https:\/\/www.eppetroecuador.ec\/index.php?rest_route=%2Fwp%2Fv2%2Fcomments&post=23575"}],"version-history":[{"count":19,"href":"https:\/\/www.eppetroecuador.ec\/index.php?rest_route=\/wp\/v2\/posts\/23575\/revisions"}],"predecessor-version":[{"id":23659,"href":"https:\/\/www.eppetroecuador.ec\/index.php?rest_route=\/wp\/v2\/posts\/23575\/revisions\/23659"}],"wp:attachment":[{"href":"https:\/\/www.eppetroecuador.ec\/index.php?rest_route=%2Fwp%2Fv2%2Fmedia&parent=23575"}],"wp:term":[{"taxonomy":"category","embeddable":true,"href":"https:\/\/www.eppetroecuador.ec\/index.php?rest_route=%2Fwp%2Fv2%2Fcategories&post=23575"},{"taxonomy":"post_tag","embeddable":true,"href":"https:\/\/www.eppetroecuador.ec\/index.php?rest_route=%2Fwp%2Fv2%2Ftags&post=23575"}],"curies":[{"name":"wp","href":"https:\/\/api.w.org\/{rel}","templated":true}]}}