{"id":22255,"date":"2024-05-20T16:50:01","date_gmt":"2024-05-20T21:50:01","guid":{"rendered":"https:\/\/www.eppetroecuador.ec\/?p=22255"},"modified":"2025-11-20T10:34:27","modified_gmt":"2025-11-20T15:34:27","slug":"apagado-de-mecheros","status":"publish","type":"post","link":"https:\/\/www.eppetroecuador.ec\/?p=22255","title":{"rendered":"Apagado Progresivo de Mecheros"},"content":{"rendered":"\n<p class=\"has-text-color has-medium-font-size\" style=\"color:#426a9d\"><strong>Boletines<\/strong><\/p>\n\n\n\n<div class=\"wp-block-columns is-layout-flex wp-container-core-columns-is-layout-9d6595d7 wp-block-columns-is-layout-flex\">\n<div class=\"wp-block-column is-layout-flow wp-block-column-is-layout-flow\">\n<figure class=\"wp-block-embed is-type-wp-embed is-provider-ep-petroecuador wp-block-embed-ep-petroecuador\"><div class=\"wp-block-embed__wrapper\">\n<blockquote class=\"wp-embedded-content\" data-secret=\"W1mhEo6E1b\"><a href=\"https:\/\/www.eppetroecuador.ec\/?p=27852\">Petroecuador apag\u00f3 170 mecheros en la Amazon\u00eda y logr\u00f3 el 100% de su planificaci\u00f3n anual<\/a><\/blockquote><iframe loading=\"lazy\" class=\"wp-embedded-content\" sandbox=\"allow-scripts\" security=\"restricted\" style=\"position: absolute; visibility: hidden;\" title=\"\u00ab&lt;strong&gt;Petroecuador apag\u00f3 170 mecheros en la Amazon\u00eda y logr\u00f3 el 100% de su planificaci\u00f3n anual&lt;\/strong&gt;\u00bb \u2014 EP PETROECUADOR\" src=\"https:\/\/www.eppetroecuador.ec\/?p=27852&#038;embed=true#?secret=e55l7RPHhJ#?secret=W1mhEo6E1b\" data-secret=\"W1mhEo6E1b\" width=\"600\" height=\"338\" frameborder=\"0\" marginwidth=\"0\" marginheight=\"0\" scrolling=\"no\"><\/iframe>\n<\/div><\/figure>\n<\/div>\n<\/div>\n\n\n\n<div class=\"wp-block-columns is-layout-flex wp-container-core-columns-is-layout-9d6595d7 wp-block-columns-is-layout-flex\">\n<div class=\"wp-block-column is-layout-flow wp-block-column-is-layout-flow\" style=\"flex-basis:50%\">\n<figure class=\"wp-block-embed is-type-wp-embed is-provider-ep-petroecuador wp-block-embed-ep-petroecuador\"><div class=\"wp-block-embed__wrapper\">\n<blockquote class=\"wp-embedded-content\" data-secret=\"VuFrRIiZhv\"><a href=\"https:\/\/www.eppetroecuador.ec\/?p=26921\">EP Petroecuador desmantela siete nuevos mecheros en la Amazon\u00eda<\/a><\/blockquote><iframe loading=\"lazy\" class=\"wp-embedded-content\" sandbox=\"allow-scripts\" security=\"restricted\" style=\"position: absolute; visibility: hidden;\" title=\"\u00ab&lt;strong&gt;EP Petroecuador desmantela siete nuevos mecheros en la Amazon\u00eda&lt;\/strong&gt;\u00bb \u2014 EP PETROECUADOR\" src=\"https:\/\/www.eppetroecuador.ec\/?p=26921&#038;embed=true#?secret=OyJIQcYdek#?secret=VuFrRIiZhv\" data-secret=\"VuFrRIiZhv\" width=\"600\" height=\"338\" frameborder=\"0\" marginwidth=\"0\" marginheight=\"0\" scrolling=\"no\"><\/iframe>\n<\/div><\/figure>\n<\/div>\n\n\n\n<div class=\"wp-block-column is-layout-flow wp-block-column-is-layout-flow\" style=\"flex-basis:50%\">\n<figure class=\"wp-block-embed is-type-wp-embed is-provider-ep-petroecuador wp-block-embed-ep-petroecuador\"><div class=\"wp-block-embed__wrapper\">\n<blockquote class=\"wp-embedded-content\" data-secret=\"tMa4AYDJTi\"><a href=\"https:\/\/www.eppetroecuador.ec\/?p=23498\">Asamble\u00edstas verificaron por tercera ocasi\u00f3n en lo que va de 2024 el apagado progresivo de mecheros<\/a><\/blockquote><iframe loading=\"lazy\" class=\"wp-embedded-content\" sandbox=\"allow-scripts\" security=\"restricted\" style=\"position: absolute; visibility: hidden;\" title=\"\u00abAsamble\u00edstas verificaron por tercera ocasi\u00f3n en lo que va de 2024 el apagado progresivo de mecheros\u00bb \u2014 EP PETROECUADOR\" src=\"https:\/\/www.eppetroecuador.ec\/?p=23498&#038;embed=true#?secret=c5dyNZf3ZE#?secret=tMa4AYDJTi\" data-secret=\"tMa4AYDJTi\" width=\"600\" height=\"338\" frameborder=\"0\" marginwidth=\"0\" marginheight=\"0\" scrolling=\"no\"><\/iframe>\n<\/div><\/figure>\n<\/div>\n<\/div>\n\n\n\n<div class=\"wp-block-columns is-layout-flex wp-container-core-columns-is-layout-9d6595d7 wp-block-columns-is-layout-flex\">\n<div class=\"wp-block-column is-layout-flow wp-block-column-is-layout-flow\">\n<figure class=\"wp-block-embed is-type-wp-embed is-provider-ep-petroecuador wp-block-embed-ep-petroecuador\"><div class=\"wp-block-embed__wrapper\">\n<blockquote class=\"wp-embedded-content\" data-secret=\"O12oYslWzC\"><a href=\"https:\/\/www.eppetroecuador.ec\/?p=22836\">GLP, gasolina natural y gas combustible se obtienen del gas asociado al petr\u00f3leo que proviene de las 14 estaciones de procesos en Orellana y Sucumb\u00edos<\/a><\/blockquote><iframe loading=\"lazy\" class=\"wp-embedded-content\" sandbox=\"allow-scripts\" security=\"restricted\" style=\"position: absolute; visibility: hidden;\" title=\"\u00abGLP, gasolina natural y gas combustible se obtienen del gas asociado al petr\u00f3leo que proviene de las 14 estaciones de procesos en Orellana y Sucumb\u00edos\u00bb \u2014 EP PETROECUADOR\" src=\"https:\/\/www.eppetroecuador.ec\/?p=22836&#038;embed=true#?secret=ZlNgvDp090#?secret=O12oYslWzC\" data-secret=\"O12oYslWzC\" width=\"600\" height=\"338\" frameborder=\"0\" marginwidth=\"0\" marginheight=\"0\" scrolling=\"no\"><\/iframe>\n<\/div><\/figure>\n<\/div>\n\n\n\n<div class=\"wp-block-column is-layout-flow wp-block-column-is-layout-flow\">\n<figure class=\"wp-block-embed is-type-wp-embed is-provider-ep-petroecuador wp-block-embed-ep-petroecuador\"><div class=\"wp-block-embed__wrapper\">\n<blockquote class=\"wp-embedded-content\" data-secret=\"qIvI3RfI8T\"><a href=\"https:\/\/www.eppetroecuador.ec\/?p=22734\">Roberto Luque, ministro (e), verific\u00f3 el cumplimiento del plan de eliminaci\u00f3n de mecheros en Orellana<\/a><\/blockquote><iframe loading=\"lazy\" class=\"wp-embedded-content\" sandbox=\"allow-scripts\" security=\"restricted\" style=\"position: absolute; visibility: hidden;\" title=\"\u00abRoberto Luque, ministro (e), verific\u00f3 el cumplimiento del plan de eliminaci\u00f3n de mecheros en Orellana\u00bb \u2014 EP PETROECUADOR\" src=\"https:\/\/www.eppetroecuador.ec\/?p=22734&#038;embed=true#?secret=r7VqAC4O4y#?secret=qIvI3RfI8T\" data-secret=\"qIvI3RfI8T\" width=\"600\" height=\"338\" frameborder=\"0\" marginwidth=\"0\" marginheight=\"0\" scrolling=\"no\"><\/iframe>\n<\/div><\/figure>\n<\/div>\n<\/div>\n\n\n\n<div class=\"wp-block-columns is-layout-flex wp-container-core-columns-is-layout-9d6595d7 wp-block-columns-is-layout-flex\">\n<div class=\"wp-block-column is-layout-flow wp-block-column-is-layout-flow\">\n<figure class=\"wp-block-embed is-type-wp-embed is-provider-ep-petroecuador wp-block-embed-ep-petroecuador\"><div class=\"wp-block-embed__wrapper\">\n<blockquote class=\"wp-embedded-content\" data-secret=\"UNUdc73EFt\"><a href=\"https:\/\/www.eppetroecuador.ec\/?p=22656\">Mecheros: las actas sobre el desmantelamiento de 145, disponibles en la web institucional<\/a><\/blockquote><iframe loading=\"lazy\" class=\"wp-embedded-content\" sandbox=\"allow-scripts\" security=\"restricted\" style=\"position: absolute; visibility: hidden;\" title=\"\u00ab&lt;strong&gt;Mecheros: las actas sobre el desmantelamiento de 145, disponibles en la web institucional&lt;\/strong&gt;\u00bb \u2014 EP PETROECUADOR\" src=\"https:\/\/www.eppetroecuador.ec\/?p=22656&#038;embed=true#?secret=AouNqLTOYI#?secret=UNUdc73EFt\" data-secret=\"UNUdc73EFt\" width=\"600\" height=\"338\" frameborder=\"0\" marginwidth=\"0\" marginheight=\"0\" scrolling=\"no\"><\/iframe>\n<\/div><\/figure>\n<\/div>\n\n\n\n<div class=\"wp-block-column is-layout-flow wp-block-column-is-layout-flow\">\n<figure class=\"wp-block-embed is-type-wp-embed is-provider-ep-petroecuador wp-block-embed-ep-petroecuador\"><div class=\"wp-block-embed__wrapper\">\n<blockquote class=\"wp-embedded-content\" data-secret=\"OSpidlocqJ\"><a href=\"https:\/\/www.eppetroecuador.ec\/?p=22222\">Asamble\u00edstas verificaron plataformas de producci\u00f3n de EP Petroecuador en Lago Agrio y Sacha, donde se desmantelaron y eliminaron parte de los 145 mecheros<\/a><\/blockquote><iframe loading=\"lazy\" class=\"wp-embedded-content\" sandbox=\"allow-scripts\" security=\"restricted\" style=\"position: absolute; visibility: hidden;\" title=\"\u00ab&lt;strong&gt;Asamble\u00edstas verificaron plataformas de producci\u00f3n de EP Petroecuador en Lago Agrio y Sacha, donde se desmantelaron y eliminaron parte de los 145 mecheros&lt;\/strong&gt;\u00bb \u2014 EP PETROECUADOR\" src=\"https:\/\/www.eppetroecuador.ec\/?p=22222&#038;embed=true#?secret=4NHN4eNXuH#?secret=OSpidlocqJ\" data-secret=\"OSpidlocqJ\" width=\"600\" height=\"338\" frameborder=\"0\" marginwidth=\"0\" marginheight=\"0\" scrolling=\"no\"><\/iframe>\n<\/div><\/figure>\n<\/div>\n<\/div>\n\n\n\n<div class=\"wp-block-columns is-layout-flex wp-container-core-columns-is-layout-9d6595d7 wp-block-columns-is-layout-flex\">\n<div class=\"wp-block-column is-layout-flow wp-block-column-is-layout-flow\">\n<figure class=\"wp-block-embed is-type-wp-embed is-provider-ep-petroecuador wp-block-embed-ep-petroecuador\"><div class=\"wp-block-embed__wrapper\">\n<blockquote class=\"wp-embedded-content\" data-secret=\"YAj4jtZoRG\"><a href=\"https:\/\/www.eppetroecuador.ec\/?p=22401\">Autoridades verificaron el cumplimiento del plan para la eliminaci\u00f3n progresiva de mecheros en Sucumb\u00edos y Orellana<\/a><\/blockquote><iframe loading=\"lazy\" class=\"wp-embedded-content\" sandbox=\"allow-scripts\" security=\"restricted\" style=\"position: absolute; visibility: hidden;\" title=\"\u00ab&lt;strong&gt;Autoridades verificaron el cumplimiento del plan para la eliminaci\u00f3n progresiva de mecheros en Sucumb\u00edos y Orellana&lt;\/strong&gt;\u00bb \u2014 EP PETROECUADOR\" src=\"https:\/\/www.eppetroecuador.ec\/?p=22401&#038;embed=true#?secret=1XwZJvdGTr#?secret=YAj4jtZoRG\" data-secret=\"YAj4jtZoRG\" width=\"600\" height=\"338\" frameborder=\"0\" marginwidth=\"0\" marginheight=\"0\" scrolling=\"no\"><\/iframe>\n<\/div><\/figure>\n<\/div>\n\n\n\n<div class=\"wp-block-column is-layout-flow wp-block-column-is-layout-flow\">\n<figure class=\"wp-block-embed is-type-wp-embed is-provider-ep-petroecuador wp-block-embed-ep-petroecuador\"><div class=\"wp-block-embed__wrapper\">\n<blockquote class=\"wp-embedded-content\" data-secret=\"bHSx09r1cM\"><a href=\"https:\/\/www.eppetroecuador.ec\/?p=22118\">EP Petroecuador ha eliminado 145 mecheros en la Amazon\u00eda<\/a><\/blockquote><iframe loading=\"lazy\" class=\"wp-embedded-content\" sandbox=\"allow-scripts\" security=\"restricted\" style=\"position: absolute; visibility: hidden;\" title=\"\u00ab&lt;strong&gt;EP Petroecuador ha eliminado 145 mecheros en la Amazon\u00eda&lt;\/strong&gt;\u00bb \u2014 EP PETROECUADOR\" src=\"https:\/\/www.eppetroecuador.ec\/?p=22118&#038;embed=true#?secret=SdtpxUSi9X#?secret=bHSx09r1cM\" data-secret=\"bHSx09r1cM\" width=\"600\" height=\"338\" frameborder=\"0\" marginwidth=\"0\" marginheight=\"0\" scrolling=\"no\"><\/iframe>\n<\/div><\/figure>\n<\/div>\n<\/div>\n\n\n\n<div class=\"wp-block-columns is-layout-flex wp-container-core-columns-is-layout-9d6595d7 wp-block-columns-is-layout-flex\">\n<div class=\"wp-block-column is-layout-flow wp-block-column-is-layout-flow\">\n<div class=\"wp-block-columns is-layout-flex wp-container-core-columns-is-layout-9d6595d7 wp-block-columns-is-layout-flex\">\n<div class=\"wp-block-column is-layout-flow wp-block-column-is-layout-flow\">\n<figure class=\"wp-block-embed is-type-wp-embed is-provider-ep-petroecuador wp-block-embed-ep-petroecuador\"><div class=\"wp-block-embed__wrapper\">\n<blockquote class=\"wp-embedded-content\" data-secret=\"ducwboniiY\"><a href=\"https:\/\/www.eppetroecuador.ec\/?p=21757\">La Estaci\u00f3n Central Shushufindi, en Sucumb\u00edos, captar\u00e1 2.5 millones de pies c\u00fabicos de gas natural asociado por d\u00eda<\/a><\/blockquote><iframe loading=\"lazy\" class=\"wp-embedded-content\" sandbox=\"allow-scripts\" security=\"restricted\" style=\"position: absolute; visibility: hidden;\" title=\"\u00ab&lt;strong&gt;La Estaci\u00f3n Central Shushufindi, en Sucumb\u00edos, captar\u00e1 2.5 millones de pies c\u00fabicos de gas natural asociado por d\u00eda&lt;\/strong&gt;\u00bb \u2014 EP PETROECUADOR\" src=\"https:\/\/www.eppetroecuador.ec\/?p=21757&#038;embed=true#?secret=Atx7JDEg30#?secret=ducwboniiY\" data-secret=\"ducwboniiY\" width=\"600\" height=\"338\" frameborder=\"0\" marginwidth=\"0\" marginheight=\"0\" scrolling=\"no\"><\/iframe>\n<\/div><\/figure>\n<\/div>\n\n\n\n<div class=\"wp-block-column is-layout-flow wp-block-column-is-layout-flow\">\n<figure class=\"wp-block-embed is-type-wp-embed is-provider-ep-petroecuador wp-block-embed-ep-petroecuador\"><div class=\"wp-block-embed__wrapper\">\n<blockquote class=\"wp-embedded-content\" data-secret=\"RhvHPg52NE\"><a href=\"https:\/\/www.eppetroecuador.ec\/?p=21787\">EP Petroecuador inaugura planta de captaci\u00f3n de gas asociado en el Campo Drago, Sucumb\u00edos<\/a><\/blockquote><iframe loading=\"lazy\" class=\"wp-embedded-content\" sandbox=\"allow-scripts\" security=\"restricted\" style=\"position: absolute; visibility: hidden;\" title=\"\u00abEP Petroecuador inaugura planta de captaci\u00f3n de gas asociado en el Campo Drago, Sucumb\u00edos\u00bb \u2014 EP PETROECUADOR\" src=\"https:\/\/www.eppetroecuador.ec\/?p=21787&#038;embed=true#?secret=Q2nm707nM8#?secret=RhvHPg52NE\" data-secret=\"RhvHPg52NE\" width=\"600\" height=\"338\" frameborder=\"0\" marginwidth=\"0\" marginheight=\"0\" scrolling=\"no\"><\/iframe>\n<\/div><\/figure>\n<\/div>\n<\/div>\n<\/div>\n<\/div>\n\n\n\n<div class=\"wp-block-columns is-layout-flex wp-container-core-columns-is-layout-9d6595d7 wp-block-columns-is-layout-flex\">\n<div class=\"wp-block-column is-layout-flow wp-block-column-is-layout-flow\">\n<figure class=\"wp-block-embed is-type-wp-embed is-provider-ep-petroecuador wp-block-embed-ep-petroecuador\"><div class=\"wp-block-embed__wrapper\">\n<blockquote class=\"wp-embedded-content\" data-secret=\"ng4ocgb42N\"><a href=\"https:\/\/www.eppetroecuador.ec\/?p=21852\">Veedores ciudadanos constataron apagado de mechero en el campo Sacha, Orellana<\/a><\/blockquote><iframe loading=\"lazy\" class=\"wp-embedded-content\" sandbox=\"allow-scripts\" security=\"restricted\" style=\"position: absolute; visibility: hidden;\" title=\"\u00abVeedores ciudadanos constataron apagado de mechero en el campo Sacha, Orellana\u00bb \u2014 EP PETROECUADOR\" src=\"https:\/\/www.eppetroecuador.ec\/?p=21852&#038;embed=true#?secret=LvRB1P9FxF#?secret=ng4ocgb42N\" data-secret=\"ng4ocgb42N\" width=\"600\" height=\"338\" frameborder=\"0\" marginwidth=\"0\" marginheight=\"0\" scrolling=\"no\"><\/iframe>\n<\/div><\/figure>\n<\/div>\n\n\n\n<div class=\"wp-block-column is-layout-flow wp-block-column-is-layout-flow\">\n<figure class=\"wp-block-embed is-type-wp-embed is-provider-ep-petroecuador wp-block-embed-ep-petroecuador\"><div class=\"wp-block-embed__wrapper\">\n<blockquote class=\"wp-embedded-content\" data-secret=\"yxJmoPHVxO\"><a href=\"https:\/\/www.eppetroecuador.ec\/?p=21888\">Se inaugur\u00f3 la Central de Procesos Culebra 21, en Orellana, que procesar\u00e1 65.000 barriles diarios de fluido<\/a><\/blockquote><iframe loading=\"lazy\" class=\"wp-embedded-content\" sandbox=\"allow-scripts\" security=\"restricted\" style=\"position: absolute; visibility: hidden;\" title=\"\u00ab&lt;strong&gt;Se inaugur\u00f3 la Central de Procesos Culebra 21, en Orellana, que procesar\u00e1 65.000 barriles diarios de fluido&lt;\/strong&gt;\u00bb \u2014 EP PETROECUADOR\" src=\"https:\/\/www.eppetroecuador.ec\/?p=21888&#038;embed=true#?secret=PS2ZNulfVl#?secret=yxJmoPHVxO\" data-secret=\"yxJmoPHVxO\" width=\"600\" height=\"338\" frameborder=\"0\" marginwidth=\"0\" marginheight=\"0\" scrolling=\"no\"><\/iframe>\n<\/div><\/figure>\n<\/div>\n<\/div>\n\n\n\n<hr class=\"wp-block-separator has-alpha-channel-opacity\"\/>\n\n\n\n<div class=\"wp-block-buttons is-layout-flex wp-block-buttons-is-layout-flex\">\n<div class=\"wp-block-button\"><a class=\"wp-block-button__link has-background wp-element-button\" href=\"https:\/\/www.eppetroecuador.ec\/?p=21525\" style=\"background-color:#96bd5d\">Regresar al Men\u00fa<\/a><\/div>\n<\/div>\n","protected":false},"excerpt":{"rendered":"<p class=\"excerpt\">Boletines <a href=\"https:\/\/www.eppetroecuador.ec\/?p=22255\">Read more &rarr;<\/a><\/p>\n","protected":false},"author":5,"featured_media":0,"comment_status":"open","ping_status":"open","sticky":false,"template":"","format":"standard","meta":{"footnotes":""},"categories":[1],"tags":[],"class_list":["post-22255","post","type-post","status-publish","format-standard","hentry","category-sin-categoria","xfolkentry"],"_links":{"self":[{"href":"https:\/\/www.eppetroecuador.ec\/index.php?rest_route=\/wp\/v2\/posts\/22255","targetHints":{"allow":["GET"]}}],"collection":[{"href":"https:\/\/www.eppetroecuador.ec\/index.php?rest_route=\/wp\/v2\/posts"}],"about":[{"href":"https:\/\/www.eppetroecuador.ec\/index.php?rest_route=\/wp\/v2\/types\/post"}],"author":[{"embeddable":true,"href":"https:\/\/www.eppetroecuador.ec\/index.php?rest_route=\/wp\/v2\/users\/5"}],"replies":[{"embeddable":true,"href":"https:\/\/www.eppetroecuador.ec\/index.php?rest_route=%2Fwp%2Fv2%2Fcomments&post=22255"}],"version-history":[{"count":51,"href":"https:\/\/www.eppetroecuador.ec\/index.php?rest_route=\/wp\/v2\/posts\/22255\/revisions"}],"predecessor-version":[{"id":30261,"href":"https:\/\/www.eppetroecuador.ec\/index.php?rest_route=\/wp\/v2\/posts\/22255\/revisions\/30261"}],"wp:attachment":[{"href":"https:\/\/www.eppetroecuador.ec\/index.php?rest_route=%2Fwp%2Fv2%2Fmedia&parent=22255"}],"wp:term":[{"taxonomy":"category","embeddable":true,"href":"https:\/\/www.eppetroecuador.ec\/index.php?rest_route=%2Fwp%2Fv2%2Fcategories&post=22255"},{"taxonomy":"post_tag","embeddable":true,"href":"https:\/\/www.eppetroecuador.ec\/index.php?rest_route=%2Fwp%2Fv2%2Ftags&post=22255"}],"curies":[{"name":"wp","href":"https:\/\/api.w.org\/{rel}","templated":true}]}}