{"id":20165,"date":"2023-12-01T14:07:23","date_gmt":"2023-12-01T19:07:23","guid":{"rendered":"https:\/\/www.eppetroecuador.ec\/?p=20165"},"modified":"2023-12-01T14:16:08","modified_gmt":"2023-12-01T19:16:08","slug":"adquisicion-de-materiales-de-ferreteria-implementacion-de-proyectos-del-programa-de-relaciones-comunitarias-fi-epp-2023-029","status":"publish","type":"post","link":"https:\/\/www.eppetroecuador.ec\/?p=20165","title":{"rendered":"ADQUISICION DE MATERIALES DE FERRETERIA IMPLEMENTACION DE PROYECTOS DEL PROGRAMA DE RELACIONES COMUNITARIAS (FI-EPP-2023-029)"},"content":{"rendered":"\n<figure class=\"wp-block-image size-large\"><a href=\"https:\/\/www.eppetroecuador.ec\/wp-content\/uploads\/2023\/12\/Captura-de-pantalla-2023-12-01-a-las-14.05.44.png\"><img decoding=\"async\" loading=\"lazy\" width=\"1024\" height=\"381\" src=\"https:\/\/www.eppetroecuador.ec\/wp-content\/uploads\/2023\/12\/Captura-de-pantalla-2023-12-01-a-las-14.05.44-1024x381.png\" alt=\"\" class=\"wp-image-20166\" srcset=\"https:\/\/www.eppetroecuador.ec\/wp-content\/uploads\/2023\/12\/Captura-de-pantalla-2023-12-01-a-las-14.05.44-1024x381.png 1024w, https:\/\/www.eppetroecuador.ec\/wp-content\/uploads\/2023\/12\/Captura-de-pantalla-2023-12-01-a-las-14.05.44-300x112.png 300w, https:\/\/www.eppetroecuador.ec\/wp-content\/uploads\/2023\/12\/Captura-de-pantalla-2023-12-01-a-las-14.05.44-768x286.png 768w, https:\/\/www.eppetroecuador.ec\/wp-content\/uploads\/2023\/12\/Captura-de-pantalla-2023-12-01-a-las-14.05.44-1536x572.png 1536w, https:\/\/www.eppetroecuador.ec\/wp-content\/uploads\/2023\/12\/Captura-de-pantalla-2023-12-01-a-las-14.05.44-2048x762.png 2048w, https:\/\/www.eppetroecuador.ec\/wp-content\/uploads\/2023\/12\/Captura-de-pantalla-2023-12-01-a-las-14.05.44-24x9.png 24w, https:\/\/www.eppetroecuador.ec\/wp-content\/uploads\/2023\/12\/Captura-de-pantalla-2023-12-01-a-las-14.05.44-36x13.png 36w, https:\/\/www.eppetroecuador.ec\/wp-content\/uploads\/2023\/12\/Captura-de-pantalla-2023-12-01-a-las-14.05.44-48x18.png 48w\" sizes=\"(max-width: 1024px) 100vw, 1024px\" \/><\/a><\/figure>\n\n\n\n<div style=\"height:36px\" aria-hidden=\"true\" class=\"wp-block-spacer\"><\/div>\n\n\n\n<p style=\"font-size:16px\">EP&nbsp;PETROECUADOR invita a todas las personas naturales o jur\u00eddicas, ya sea de manera individual o a trav\u00e9s de asociaciones o consorcios legalmente constituidas o con compromiso de asociaci\u00f3n o consorcios u Organizaciones de Integraci\u00f3n Econ\u00f3mica, cuando se trate del sector&nbsp;EPS, que est\u00e9n domiciliadas en las provincias Sucumb\u00edos y Orellana, para que presenten sus ofertas relacionadas con el ADQUISICI\u00d3N DE INSUMOS PECUARIOS IMPLEMENTACI\u00d3N DE PROYECTOS DEL PROGRAMA DE RELACIONES COMUNITARIAS (FI-EPP-2023-023&nbsp;).<\/p>\n\n\n\n<hr class=\"wp-block-separator has-alpha-channel-opacity\"\/>\n\n\n\n<h4 class=\"has-vivid-red-color has-text-color has-medium-font-size\"><strong>Participantes<\/strong><\/h4>\n\n\n\n<ol>\n<li>Productores Individuales<\/li>\n\n\n\n<li>Organizaciones de econom\u00eda popular y solidaria conformadas en los sectores comunitarios, asociativos y cooperativos<\/li>\n\n\n\n<li>Unidades Econ\u00f3micas Populares;<\/li>\n\n\n\n<li>Artesanos<\/li>\n\n\n\n<li>Micro y peque\u00f1as unidades productivas<\/li>\n<\/ol>\n\n\n\n<hr class=\"wp-block-separator has-alpha-channel-opacity\"\/>\n\n\n\n<h4 class=\"has-vivid-red-color has-text-color has-medium-font-size\"><strong>Zona Oriente<\/strong><\/h4>\n\n\n\n<p>En los siguientes enlaces podr\u00e1 conocer el procedimiento y las condiciones para participar en el proceso de contrataci\u00f3n:<\/p>\n\n\n\n<ul>\n<li><a href=\"http:\/\/www.eppetroecuador.ec\/wp-content\/plugins\/download-monitor\/download.php?id=3543\">Presentaci\u00f3n<\/a><\/li>\n\n\n\n<li><a href=\"https:\/\/www.compraspublicas.gob.ec\/ProcesoContratacion\/compras\/PC\/informacionProcesoContratacion2.cpe?idSoliCompra=s8RnvnCMp8TQawgi5hhVCFTX8dvdx7EpqZXYCZRQrkY,\" data-type=\"URL\" data-id=\"https:\/\/www.compraspublicas.gob.ec\/ProcesoContratacion\/compras\/PC\/informacionProcesoContratacion2.cpe?idSoliCompra=s8RnvnCMp8TQawgi5hhVCFTX8dvdx7EpqZXYCZRQrkY,\">Portal de Compras P\u00fablicas<\/a><\/li>\n\n\n\n<li><a href=\"http:\/\/www.eppetroecuador.ec\/wp-content\/plugins\/download-monitor\/download.php?id=3551\">Especificaciones T\u00e9cnicas<\/a><\/li>\n\n\n\n<li><a href=\"http:\/\/www.eppetroecuador.ec\/wp-content\/plugins\/download-monitor\/download.php?id=3552\">Pliego<\/a><\/li>\n\n\n\n<li><a href=\"http:\/\/www.eppetroecuador.ec\/wp-content\/plugins\/download-monitor\/download.php?id=3546\">Resoluci\u00f3n de Inicio<\/a><\/li>\n<\/ul>\n\n\n\n<hr class=\"wp-block-separator has-alpha-channel-opacity\"\/>\n\n\n\n<p class=\"has-vivid-red-color has-text-color has-medium-font-size\"><strong>Socializaci\u00f3n, Preguntas, Respuestas y Aclaraciones<\/strong><\/p>\n\n\n\n<p>La etapa de Socializaci\u00f3n, Preguntas, Respuestas y Aclaraciones, se desarrollar\u00e1 acorde al siguiente cronograma:<\/p>\n\n\n\n<hr class=\"wp-block-separator has-alpha-channel-opacity\"\/>\n\n\n\n<p><strong>ASUNTO 1: DIFUSI\u00d3N PROCESO FI-EPP-2023-029<\/strong><\/p>\n\n\n\n<p><strong><u>Viernes 01 de diciembre de 2023 a las 11h00<\/u><\/strong><strong><u><\/u><\/strong><\/p>\n\n\n\n<p><a href=\"https:\/\/teams.microsoft.com\/l\/meetup-join\/19%3ameeting_MTk5MWJhMmItYjI1MC00YzI0LWFhMDgtMmNmYjIxODAyNzc5%40thread.v2\/0?context=%7b%22Tid%22%3a%2246d15e98-7f21-4e4a-acc1-fa8df0029898%22%2c%22Oid%22%3a%2275d1f3b6-c12c-45b6-83dd-e9cb6d0e9285%22%7d\">https:\/\/teams.microsoft.com\/l\/meetup-join\/19%3ameeting_MTk5MWJhMmItYjI1MC00YzI0LWFhMDgtMmNmYjIxODAyNzc5%40thread.v2\/0?context=%7b%22Tid%22%3a%2246d15e98-7f21-4e4a-acc1-fa8df0029898%22%2c%22Oid%22%3a%2275d1f3b6-c12c-45b6-83dd-e9cb6d0e9285%22%7d<\/a><\/p>\n\n\n\n<p>ID de la reuni\u00f3n: 255 452 594 01\u00a0<br>C\u00f3digo de acceso: dD937s\u00a0<\/p>\n\n\n\n<hr class=\"wp-block-separator has-alpha-channel-opacity\"\/>\n\n\n\n<p><strong>ASUNTO 2: AUDIENCIA DE PREGUNTAS, RESPUESTAS Y ACLARACIONES PROCESO FI-EPP-2023-029<\/strong><\/p>\n\n\n\n<p><strong><u>Mi\u00e9rcoles 06 de diciembre de 2023 a las 10H00<\/u><\/strong><\/p>\n\n\n\n<p><a href=\"https:\/\/teams.microsoft.com\/l\/meetup-join\/19%3ameeting_ZmQwNThhNDItMjMwMC00YjRjLWI4ZDMtNzJiNjYzMTdhYWY3%40thread.v2\/0?context=%7b%22Tid%22%3a%2246d15e98-7f21-4e4a-acc1-fa8df0029898%22%2c%22Oid%22%3a%2275d1f3b6-c12c-45b6-83dd-e9cb6d0e9285%22%7d\">https:\/\/teams.microsoft.com\/l\/meetup-join\/19%3ameeting_ZmQwNThhNDItMjMwMC00YjRjLWI4ZDMtNzJiNjYzMTdhYWY3%40thread.v2\/0?context=%7b%22Tid%22%3a%2246d15e98-7f21-4e4a-acc1-fa8df0029898%22%2c%22Oid%22%3a%2275d1f3b6-c12c-45b6-83dd-e9cb6d0e9285%22%7d<\/a><\/p>\n\n\n\n<p>ID de la reuni\u00f3n: 268 121 057 993&nbsp;<\/p>\n\n\n\n<p>C\u00f3digo de acceso: iju2D9<\/p>\n\n\n\n<hr class=\"wp-block-separator has-alpha-channel-opacity\"\/>\n\n\n\n<p><strong>ASUNTO 3: APERTURA DE OFERTAS FI-EPP-2023-029<\/strong><\/p>\n\n\n\n<p><strong><u>Jueves 14 de diciembre de 2023 a las 11h00<\/u><\/strong><\/p>\n\n\n\n<p><a href=\"https:\/\/teams.microsoft.com\/l\/meetup-join\/19%3ameeting_YThhYzFhNzctYjRiMi00ZTFmLWIwMjYtM2Q1NDdhY2MwYjVj%40thread.v2\/0?context=%7b%22Tid%22%3a%2246d15e98-7f21-4e4a-acc1-fa8df0029898%22%2c%22Oid%22%3a%2275d1f3b6-c12c-45b6-83dd-e9cb6d0e9285%22%7d\">https:\/\/teams.microsoft.com\/l\/meetup-join\/19%3ameeting_YThhYzFhNzctYjRiMi00ZTFmLWIwMjYtM2Q1NDdhY2MwYjVj%40thread.v2\/0?context=%7b%22Tid%22%3a%2246d15e98-7f21-4e4a-acc1-fa8df0029898%22%2c%22Oid%22%3a%2275d1f3b6-c12c-45b6-83dd-e9cb6d0e9285%22%7d<\/a><\/p>\n\n\n\n<p>ID de la reuni\u00f3n: 295 304 704 723&nbsp;<br>C\u00f3digo de acceso: 9GGq4G&nbsp;<\/p>\n\n\n\n<hr class=\"wp-block-separator has-alpha-channel-opacity\"\/>\n\n\n\n<p class=\"has-vivid-red-color has-text-color has-medium-font-size\"><strong>Contactos<\/strong><strong><\/strong><\/p>\n\n\n\n<p>Si est\u00e1s interesado en participar o si tienes dudas, cont\u00e1ctate con nosotros a los siguientes correos electr\u00f3nicos:<\/p>\n\n\n\n<ul>\n<li><a href=\"mailto:rommel.sanchez@eppetroecuador.ec\"><strong>rommel.sanchez@eppetroecuador.ec<\/strong><\/a><\/li>\n\n\n\n<li><a href=\"mailto:fernando.delgado@eppetroecuador.ec\"><strong>fernando.delgado@eppetroecuador.ec<\/strong><\/a><\/li>\n<\/ul>\n\n\n\n<hr class=\"wp-block-separator has-alpha-channel-opacity\"\/>\n","protected":false},"excerpt":{"rendered":"<p class=\"excerpt\">EP&nbsp;PETROECUADOR invita a todas las personas naturales o jur\u00eddicas, ya sea de manera individual o a trav\u00e9s de asociaciones o consorcios legalmente constituidas o con compromiso de asociaci\u00f3n o consorcios u Organizaciones de Integraci\u00f3n Econ\u00f3mica, cuando se trate del sector&nbsp;EPS, que est\u00e9n domiciliadas en las provincias Sucumb\u00edos y Orellana, para que presenten sus ofertas relacionadas con el ADQUISICI\u00d3N DE INSUMOS&hellip; <a href=\"https:\/\/www.eppetroecuador.ec\/?p=20165\">Read more &rarr;<\/a><\/p>\n","protected":false},"author":5,"featured_media":0,"comment_status":"open","ping_status":"open","sticky":false,"template":"","format":"standard","meta":[],"categories":[1],"tags":[],"_links":{"self":[{"href":"https:\/\/www.eppetroecuador.ec\/index.php?rest_route=\/wp\/v2\/posts\/20165"}],"collection":[{"href":"https:\/\/www.eppetroecuador.ec\/index.php?rest_route=\/wp\/v2\/posts"}],"about":[{"href":"https:\/\/www.eppetroecuador.ec\/index.php?rest_route=\/wp\/v2\/types\/post"}],"author":[{"embeddable":true,"href":"https:\/\/www.eppetroecuador.ec\/index.php?rest_route=\/wp\/v2\/users\/5"}],"replies":[{"embeddable":true,"href":"https:\/\/www.eppetroecuador.ec\/index.php?rest_route=%2Fwp%2Fv2%2Fcomments&post=20165"}],"version-history":[{"count":5,"href":"https:\/\/www.eppetroecuador.ec\/index.php?rest_route=\/wp\/v2\/posts\/20165\/revisions"}],"predecessor-version":[{"id":20171,"href":"https:\/\/www.eppetroecuador.ec\/index.php?rest_route=\/wp\/v2\/posts\/20165\/revisions\/20171"}],"wp:attachment":[{"href":"https:\/\/www.eppetroecuador.ec\/index.php?rest_route=%2Fwp%2Fv2%2Fmedia&parent=20165"}],"wp:term":[{"taxonomy":"category","embeddable":true,"href":"https:\/\/www.eppetroecuador.ec\/index.php?rest_route=%2Fwp%2Fv2%2Fcategories&post=20165"},{"taxonomy":"post_tag","embeddable":true,"href":"https:\/\/www.eppetroecuador.ec\/index.php?rest_route=%2Fwp%2Fv2%2Ftags&post=20165"}],"curies":[{"name":"wp","href":"https:\/\/api.w.org\/{rel}","templated":true}]}}