{"id":19553,"date":"2023-10-24T10:30:49","date_gmt":"2023-10-24T15:30:49","guid":{"rendered":"https:\/\/www.eppetroecuador.ec\/?p=19553"},"modified":"2023-11-10T16:28:01","modified_gmt":"2023-11-10T21:28:01","slug":"ep-petroecuador-ahorro-usd-130828-802-por-la-sustitucion-del-combustible-diesel-en-la-generacion-electrica-para-sus-campos-petroleros-hasta-el-tercer-trimestre-de-2023","status":"publish","type":"post","link":"https:\/\/www.eppetroecuador.ec\/?p=19553","title":{"rendered":"65% de la energ\u00eda en los campos petroleros de EP Petroecuador se genera con fuentes alternativas al Di\u00e9sel"},"content":{"rendered":"\n<p class=\"has-text-align-left has-small-font-size\"><strong>Quito DM, 24 de octubre de 2023<\/strong><\/p>\n\n\n\n<p><em><u>EP Petroecuador ahorr\u00f3 USD 130\u2019828.802 por la sustituci\u00f3n del combustible Di\u00e9sel en la generaci\u00f3n el\u00e9ctrica para sus campos petroleros, hasta el tercer trimestre de 2023<\/u><\/em><\/p>\n\n\n\n<p>De enero a septiembre de 2023, la demanda promedio de potencia en los campos petroleros operados por EP Petroecuador ubicados en las provincias de Orellana y Sucumb\u00edos fue de 378 megavatios (MW), de los cuales el 35% se gener\u00f3 con Di\u00e9sel, el 44% con crudo, mientras que el 12% fue suministrado desde el Sistema Nacional Interconectado \u2013 S.N.I. y el 9% con gas asociado.<\/p>\n\n\n\n<p>Esto significa que el 65% de la demanda energ\u00e9tica de la empresa p\u00fablica fue atendida a trav\u00e9s de combustibles alternativos al Di\u00e9sel, ahorrando al Estado ecuatoriano alrededor de USD 130\u2019828.802 en la compra de un total de 57\u2019979.165 galones de ese hidrocarburo, en el mismo periodo, con lo cual se logr\u00f3 una reducci\u00f3n en 121.828 toneladas de CO2 al ambiente.<\/p>\n\n\n\n<p>As\u00ed lo inform\u00f3 el Gerente General de EP Petroecuador (s), Reinaldo Armijos Del Hierro, quien agreg\u00f3 que la empresa contin\u00faa implementando acciones que permitan migrar la generaci\u00f3n y dejar de utilizar Di\u00e9sel, con el fin de optimizar recursos, aportando adem\u00e1s al Plan Nacional de Ahorro de Energ\u00eda que lleva adelante el Gobierno Nacional.<\/p>\n\n\n\n<p>Es importante destacar que de junio de 2009 a septiembre de 2023, a trav\u00e9s de las iniciativas relacionadas al Programa de Eficiencia Energ\u00e9tica, EP Petroecuador logr\u00f3 reducir las emisiones de CO2 en 2\u2019644.084 toneladas, generar con gas asociado 3\u2019018.543.381 de KWh de energ\u00eda el\u00e9ctrica, ahorrar 1.137\u2019606.921 galones de volumen de Di\u00e9sel y generar ahorros econ\u00f3micos netos por USD 1.914\u2019157.813 en beneficio del pa\u00eds.<\/p>\n\n\n\n<figure class=\"wp-block-image size-large\"><a href=\"https:\/\/www.eppetroecuador.ec\/wp-content\/uploads\/2023\/10\/Infografia-generacion-electrica_Mesa-de-trabajo-1.png\"><img decoding=\"async\" loading=\"lazy\" width=\"1024\" height=\"791\" src=\"https:\/\/www.eppetroecuador.ec\/wp-content\/uploads\/2023\/10\/Infografia-generacion-electrica_Mesa-de-trabajo-1-1024x791.png\" alt=\"\" class=\"wp-image-19554\" srcset=\"https:\/\/www.eppetroecuador.ec\/wp-content\/uploads\/2023\/10\/Infografia-generacion-electrica_Mesa-de-trabajo-1-1024x791.png 1024w, https:\/\/www.eppetroecuador.ec\/wp-content\/uploads\/2023\/10\/Infografia-generacion-electrica_Mesa-de-trabajo-1-300x232.png 300w, https:\/\/www.eppetroecuador.ec\/wp-content\/uploads\/2023\/10\/Infografia-generacion-electrica_Mesa-de-trabajo-1-768x593.png 768w, https:\/\/www.eppetroecuador.ec\/wp-content\/uploads\/2023\/10\/Infografia-generacion-electrica_Mesa-de-trabajo-1-1536x1186.png 1536w, https:\/\/www.eppetroecuador.ec\/wp-content\/uploads\/2023\/10\/Infografia-generacion-electrica_Mesa-de-trabajo-1-2048x1581.png 2048w, https:\/\/www.eppetroecuador.ec\/wp-content\/uploads\/2023\/10\/Infografia-generacion-electrica_Mesa-de-trabajo-1-24x19.png 24w, https:\/\/www.eppetroecuador.ec\/wp-content\/uploads\/2023\/10\/Infografia-generacion-electrica_Mesa-de-trabajo-1-36x28.png 36w, https:\/\/www.eppetroecuador.ec\/wp-content\/uploads\/2023\/10\/Infografia-generacion-electrica_Mesa-de-trabajo-1-48x37.png 48w\" sizes=\"(max-width: 1024px) 100vw, 1024px\" \/><\/a><\/figure>\n","protected":false},"excerpt":{"rendered":"<p class=\"excerpt\">Quito DM, 24 de octubre de 2023 EP Petroecuador ahorr\u00f3 USD 130\u2019828.802 por la sustituci\u00f3n del combustible Di\u00e9sel en la generaci\u00f3n el\u00e9ctrica para sus campos petroleros, hasta el tercer trimestre de 2023 De enero a septiembre de 2023, la demanda promedio de potencia en los campos petroleros operados por EP Petroecuador ubicados en las provincias de Orellana y Sucumb\u00edos fue&hellip; <a href=\"https:\/\/www.eppetroecuador.ec\/?p=19553\">Read more &rarr;<\/a><\/p>\n","protected":false},"author":9,"featured_media":19559,"comment_status":"open","ping_status":"open","sticky":false,"template":"","format":"standard","meta":[],"categories":[1],"tags":[],"_links":{"self":[{"href":"https:\/\/www.eppetroecuador.ec\/index.php?rest_route=\/wp\/v2\/posts\/19553"}],"collection":[{"href":"https:\/\/www.eppetroecuador.ec\/index.php?rest_route=\/wp\/v2\/posts"}],"about":[{"href":"https:\/\/www.eppetroecuador.ec\/index.php?rest_route=\/wp\/v2\/types\/post"}],"author":[{"embeddable":true,"href":"https:\/\/www.eppetroecuador.ec\/index.php?rest_route=\/wp\/v2\/users\/9"}],"replies":[{"embeddable":true,"href":"https:\/\/www.eppetroecuador.ec\/index.php?rest_route=%2Fwp%2Fv2%2Fcomments&post=19553"}],"version-history":[{"count":3,"href":"https:\/\/www.eppetroecuador.ec\/index.php?rest_route=\/wp\/v2\/posts\/19553\/revisions"}],"predecessor-version":[{"id":19878,"href":"https:\/\/www.eppetroecuador.ec\/index.php?rest_route=\/wp\/v2\/posts\/19553\/revisions\/19878"}],"wp:featuredmedia":[{"embeddable":true,"href":"https:\/\/www.eppetroecuador.ec\/index.php?rest_route=\/wp\/v2\/media\/19559"}],"wp:attachment":[{"href":"https:\/\/www.eppetroecuador.ec\/index.php?rest_route=%2Fwp%2Fv2%2Fmedia&parent=19553"}],"wp:term":[{"taxonomy":"category","embeddable":true,"href":"https:\/\/www.eppetroecuador.ec\/index.php?rest_route=%2Fwp%2Fv2%2Fcategories&post=19553"},{"taxonomy":"post_tag","embeddable":true,"href":"https:\/\/www.eppetroecuador.ec\/index.php?rest_route=%2Fwp%2Fv2%2Ftags&post=19553"}],"curies":[{"name":"wp","href":"https:\/\/api.w.org\/{rel}","templated":true}]}}