{"id":16040,"date":"2022-12-30T14:12:06","date_gmt":"2022-12-30T19:12:06","guid":{"rendered":"https:\/\/www.eppetroecuador.ec\/?p=16040"},"modified":"2022-12-30T14:12:06","modified_gmt":"2022-12-30T19:12:06","slug":"adquisicion-de-equipos-y-empaques-para-la-implementacion-de-proyectos-del-programa-de-relaciones-comunitarias-fi-epp-024-2022","status":"publish","type":"post","link":"https:\/\/www.eppetroecuador.ec\/?p=16040","title":{"rendered":"ADQUISICI\u00d3N DE INSUMOS PECUARIOS PARA LA IMPLEMENTACI\u00d3N DE PROYECTOS DEL PROGRAMA DE RELACIONES (FI-EPP-027-2022)"},"content":{"rendered":"<p><img decoding=\"async\" loading=\"lazy\" class=\"size-large wp-image-16065 aligncenter\" src=\"https:\/\/www.eppetroecuador.ec\/wp-content\/uploads\/2022\/12\/collage-1024x277.jpg\" alt=\"\" width=\"750\" height=\"203\" srcset=\"https:\/\/www.eppetroecuador.ec\/wp-content\/uploads\/2022\/12\/collage-1024x277.jpg 1024w, https:\/\/www.eppetroecuador.ec\/wp-content\/uploads\/2022\/12\/collage-300x81.jpg 300w, https:\/\/www.eppetroecuador.ec\/wp-content\/uploads\/2022\/12\/collage-768x208.jpg 768w, https:\/\/www.eppetroecuador.ec\/wp-content\/uploads\/2022\/12\/collage-1536x416.jpg 1536w, https:\/\/www.eppetroecuador.ec\/wp-content\/uploads\/2022\/12\/collage-2048x554.jpg 2048w, https:\/\/www.eppetroecuador.ec\/wp-content\/uploads\/2022\/12\/collage-24x6.jpg 24w, https:\/\/www.eppetroecuador.ec\/wp-content\/uploads\/2022\/12\/collage-36x10.jpg 36w, https:\/\/www.eppetroecuador.ec\/wp-content\/uploads\/2022\/12\/collage-48x13.jpg 48w\" sizes=\"(max-width: 750px) 100vw, 750px\" \/><\/p>\n<p>&nbsp;<\/p>\n<p>EP PETROECUADOR invita a todas las personas naturales o jur\u00eddicas, ya sea de manera individual o a trav\u00e9s de asociaciones o consorcios legalmente constituidas o con compromiso de asociaci\u00f3n o consorcios u Organizaciones de Integraci\u00f3n Econ\u00f3mica, cuando se trate del sector EPS, que est\u00e9n domiciliadas en la provincia de Orellana y Sucumb\u00edos. Para que presenten sus ofertas relacionadas con la <strong>ADQUISICI\u00d3N DE INSUMOS PECUARIOS PARA LA IMPLEMENTACI\u00d3N DE PROYECTOS DEL PROGRAMA DE RELACIONES (FI-EPP-027-2022)\u201d<\/strong>.<\/p>\n<p>&nbsp;<\/p>\n<h4><span style=\"color: #ff0000;\"><strong>Participantes<\/strong><\/span><\/h4>\n<ol>\n<li>Productores Individuales<\/li>\n<li>Organizaciones de econom\u00eda popular y solidaria conformadas en los sectores comunitarios, asociativos y cooperativos<\/li>\n<li>Unidades Econ\u00f3micas Populares;<\/li>\n<li>Artesanos<\/li>\n<li>Micro y peque\u00f1as unidades productivas<\/li>\n<\/ol>\n<p>&nbsp;<\/p>\n<h4><span style=\"color: #ff0000;\"><strong>Zona Oriente<\/strong><\/span><\/h4>\n<p>En los siguientes enlaces podr\u00e1 conocer el procedimiento y las condiciones para participar en el proceso de contrataci\u00f3n:<\/p>\n<ul>\n<li><a href=\"https:\/\/www.eppetroecuador.ec\/wp-content\/plugins\/download-monitor\/download.php?id=3267\">Presentaci\u00f3n<\/a><\/li>\n<li><a href=\"https:\/\/www.compraspublicas.gob.ec\/ProcesoContratacion\/compras\/PC\/informacionProcesoContratacion2.cpe?idSoliCompra=D26j3QyE4CUmxXVME8QLQdJ03OPVxdB-_e5aurLT27I,\">Portal de Compras P\u00fablicas<\/a><\/li>\n<\/ul>\n<p>&nbsp;<\/p>\n<h4><span style=\"color: #ff0000;\"><strong>Archivos y Formularios<\/strong><\/span><\/h4>\n<ul>\n<li><a href=\"https:\/\/www.eppetroecuador.ec\/wp-content\/plugins\/download-monitor\/download.php?id=3264\">CONVOCATORIA FI-EPP-027-2022<\/a><\/li>\n<li><a href=\"https:\/\/www.eppetroecuador.ec\/wp-content\/plugins\/download-monitor\/download.php?id=3266\">PLIEGO FI-EPP-027-2022<\/a><\/li>\n<li><a href=\"https:\/\/www.eppetroecuador.ec\/wp-content\/plugins\/download-monitor\/download.php?id=3268\">RESOLUCI\u00d3N DE INICIO FI-EPP-027-2022<\/a><\/li>\n<li><a href=\"https:\/\/www.eppetroecuador.ec\/wp-content\/plugins\/download-monitor\/download.php?id=3265\">Especificaciones T\u00e9cnicas<\/a><\/li>\n<\/ul>\n<p>&nbsp;<\/p>\n<h4><span style=\"color: #ff0000;\"><strong>Socializaci\u00f3n, Preguntas, Respuestas y Aclaraciones<\/strong><\/span><\/h4>\n<p>La etapa de Socializaci\u00f3n, Preguntas, Respuestas y Aclaraciones, se desarrollar\u00e1 acorde al siguiente cronograma:<\/p>\n<p>&nbsp;<\/p>\n<p style=\"padding-left: 40px;\"><span style=\"color: #003366;\"><strong>ASUNTO 1: DIFUSI\u00d3N PROCESO FI-EPP-027-2022<\/strong><\/span><\/p>\n<p style=\"padding-left: 40px;\"><strong>Martes 03 de enero de 2023 a las 11H00<\/strong><\/p>\n<p style=\"padding-left: 40px;\"><strong>ID de la reuni\u00f3n<\/strong>: 229 555 599 085<br \/>\n<strong>C\u00f3digo de acceso<\/strong>: TcyCBG<\/p>\n<p style=\"padding-left: 40px;\"><a href=\"https:\/\/teams.microsoft.com\/l\/meetup-join\/19%3ameeting_NDkwN2E1MTQtMGY5NS00NWY4LWE4MzUtNmQ0ZTNhZDU4MGE3%40thread.v2\/0?context=%7b%22Tid%22%3a%2246d15e98-7f21-4e4a-acc1-fa8df0029898%22%2c%22Oid%22%3a%224eae43a5-5679-4a34-b610-19f9657ca2ba%22%7d\">https:\/\/teams.microsoft.com\/l\/meetup-join\/19%3ameeting_NDkwN2E1MTQtMGY5NS00NWY4LWE4MzUtNmQ0ZTNhZDU4MGE3%40thread.v2\/0?context=%7b%22Tid%22%3a%2246d15e98-7f21-4e4a-acc1-fa8df0029898%22%2c%22Oid%22%3a%224eae43a5-5679-4a34-b610-19f9657ca2ba%22%7d<\/a><\/p>\n<p>&nbsp;<\/p>\n<p style=\"padding-left: 40px;\"><span style=\"color: #003366;\"><strong>ASUNTO 2: AUDIENCIA DE PREGUNTAS, RESPUESTAS Y ACLARACIONES PROCESO FI-EPP-027-2022<\/strong><\/span><\/p>\n<p style=\"padding-left: 40px;\"><strong>Mi\u00e9rcoles 04 de enero de 2023 a las 10H00<\/strong><\/p>\n<p style=\"padding-left: 40px;\"><strong>ID de la reuni\u00f3n:<\/strong> 272 919 229 082<br \/>\n<strong>C\u00f3digo de acceso:<\/strong> PxrnQG<\/p>\n<p style=\"padding-left: 40px;\"><a href=\"https:\/\/teams.microsoft.com\/l\/meetup-join\/19%3ameeting_Zjg0MjI4N2MtYWQxYy00ZjYwLWIyMmUtZDJmZjc4ZjlkZjIw%40thread.v2\/0?context=%7b%22Tid%22%3a%2246d15e98-7f21-4e4a-acc1-fa8df0029898%22%2c%22Oid%22%3a%2275d1f3b6-c12c-45b6-83dd-e9cb6d0e9285%22%7d\">https:\/\/teams.microsoft.com\/l\/meetup-join\/19%3ameeting_Zjg0MjI4N2MtYWQxYy00ZjYwLWIyMmUtZDJmZjc4ZjlkZjIw%40thread.v2\/0?context=%7b%22Tid%22%3a%2246d15e98-7f21-4e4a-acc1-fa8df0029898%22%2c%22Oid%22%3a%2275d1f3b6-c12c-45b6-83dd-e9cb6d0e9285%22%7d<\/a><\/p>\n<p>&nbsp;<\/p>\n<p style=\"padding-left: 40px;\"><span style=\"color: #003366;\"><strong>ASUNTO 3: MESA DE AYUDA PROCESO FI-EPP-027-2022<\/strong><\/span><\/p>\n<p style=\"padding-left: 40px;\"><strong>Mi\u00e9rcoles 4 de enero de 2023 a martes 10 de enero de 2023. De 08h00 a 15h00<\/strong><\/p>\n<p style=\"padding-left: 40px;\">Bajo demanda y\/o requerimiento de oferentes a los correos: <a href=\"mailto:Wladimir.Ramirez@eppetroecuador.ec\">Wladimir.Ramirez@eppetroecuador.ec<\/a> y\/o\u00a0<a href=\"mailto:elsa.ortiz@eppetroecuador.ec\">elsa.ortiz@eppetroecuador.ec<\/a><\/p>\n<p>&nbsp;<\/p>\n<p style=\"padding-left: 40px;\"><strong><em><u>IMPORTANTE<\/u><\/em><\/strong><em>: Para una atenci\u00f3n oportuna se recomienda solicitar sus reuniones con 30 minutos de anticipaci\u00f3n.<\/em><\/p>\n<p>&nbsp;<\/p>\n<hr \/>\n<h4><span style=\"color: #ff0000;\"><strong>Contactos<\/strong><\/span><\/h4>\n<p>Si est\u00e1s interesado en participar o si tienes dudas, cont\u00e1ctate con nosotros a los siguientes correos electr\u00f3nicos:<\/p>\n<ul>\n<li><a href=\"mailto:Wladimir.Ramirez@eppetroecuador.ec\">Wladimir.Ramirez@eppetroecuador.ec<\/a><\/li>\n<li><a href=\"mailto:Maria.Buitrago@eppetroecuador.ec\">Maria.Buitrago@eppetroecuador.ec<\/a><\/li>\n<li><a href=\"mailto:Jhon.Villacis@eppetroecuador.ec\">Jhon.Villacis@eppetroecuador.ec<\/a><\/li>\n<\/ul>\n<p>&nbsp;<\/p>\n<p>&nbsp;<\/p>\n","protected":false},"excerpt":{"rendered":"<p class=\"excerpt\">&nbsp; EP PETROECUADOR invita a todas las personas naturales o jur\u00eddicas, ya sea de manera individual o a trav\u00e9s de asociaciones o consorcios legalmente constituidas o con compromiso de asociaci\u00f3n o consorcios u Organizaciones de Integraci\u00f3n Econ\u00f3mica, cuando se trate del sector EPS, que est\u00e9n domiciliadas en la provincia de Orellana y Sucumb\u00edos. Para que presenten sus ofertas relacionadas con&hellip; <a href=\"https:\/\/www.eppetroecuador.ec\/?p=16040\">Read more &rarr;<\/a><\/p>\n","protected":false},"author":5,"featured_media":0,"comment_status":"open","ping_status":"open","sticky":false,"template":"","format":"standard","meta":[],"categories":[1],"tags":[],"_links":{"self":[{"href":"https:\/\/www.eppetroecuador.ec\/index.php?rest_route=\/wp\/v2\/posts\/16040"}],"collection":[{"href":"https:\/\/www.eppetroecuador.ec\/index.php?rest_route=\/wp\/v2\/posts"}],"about":[{"href":"https:\/\/www.eppetroecuador.ec\/index.php?rest_route=\/wp\/v2\/types\/post"}],"author":[{"embeddable":true,"href":"https:\/\/www.eppetroecuador.ec\/index.php?rest_route=\/wp\/v2\/users\/5"}],"replies":[{"embeddable":true,"href":"https:\/\/www.eppetroecuador.ec\/index.php?rest_route=%2Fwp%2Fv2%2Fcomments&post=16040"}],"version-history":[{"count":22,"href":"https:\/\/www.eppetroecuador.ec\/index.php?rest_route=\/wp\/v2\/posts\/16040\/revisions"}],"predecessor-version":[{"id":16085,"href":"https:\/\/www.eppetroecuador.ec\/index.php?rest_route=\/wp\/v2\/posts\/16040\/revisions\/16085"}],"wp:attachment":[{"href":"https:\/\/www.eppetroecuador.ec\/index.php?rest_route=%2Fwp%2Fv2%2Fmedia&parent=16040"}],"wp:term":[{"taxonomy":"category","embeddable":true,"href":"https:\/\/www.eppetroecuador.ec\/index.php?rest_route=%2Fwp%2Fv2%2Fcategories&post=16040"},{"taxonomy":"post_tag","embeddable":true,"href":"https:\/\/www.eppetroecuador.ec\/index.php?rest_route=%2Fwp%2Fv2%2Ftags&post=16040"}],"curies":[{"name":"wp","href":"https:\/\/api.w.org\/{rel}","templated":true}]}}