{"id":14616,"date":"2022-08-01T11:04:51","date_gmt":"2022-08-01T16:04:51","guid":{"rendered":"https:\/\/www.eppetroecuador.ec\/?p=14616"},"modified":"2022-08-01T11:04:51","modified_gmt":"2022-08-01T16:04:51","slug":"14616","status":"publish","type":"post","link":"https:\/\/www.eppetroecuador.ec\/?p=14616","title":{"rendered":"Chevrolet LUV &#8211; C\/D &#8211; 4X2 T\/M &#8211; INYEC A\/C &#8211; Doble Cabina &#8211; 2004"},"content":{"rendered":"<p>La Jefatura de Coactiva de la Empresa P\u00fablica de Hidrocarburos del Ecuador, EP PETROECUADOR, PONE EN CONOCIMIENTO DEL P\u00daBLICO EN GENERAL, para los fines legales pertinentes que la Jefe de Coactiva de EP Petroecuador, mediante providencia de 29 de julio de 2022, a las 10h00, dentro del Procedimiento Administrativo de Ejecuci\u00f3n Coactiva No. 0012-COA-EP PEC-2020, ha dispuesto EL REMATE ORDINARIO EN PRIMER SE\u00d1ALAMIENTO para el d\u00eda <strong>LUNES 29 DE AGOSTO DE 2022<\/strong>, desde las cero horas hasta las veinte y cuatro horas, del veh\u00edculo que se describe a continuaci\u00f3n:<\/p>\n<p><img decoding=\"async\" loading=\"lazy\" class=\"size-large wp-image-14617 aligncenter\" src=\"https:\/\/www.eppetroecuador.ec\/wp-content\/uploads\/2022\/08\/Captura-de-Pantalla-2022-08-01-a-las-11.00.46-1024x125.png\" alt=\"\" width=\"750\" height=\"92\" srcset=\"https:\/\/www.eppetroecuador.ec\/wp-content\/uploads\/2022\/08\/Captura-de-Pantalla-2022-08-01-a-las-11.00.46-1024x125.png 1024w, https:\/\/www.eppetroecuador.ec\/wp-content\/uploads\/2022\/08\/Captura-de-Pantalla-2022-08-01-a-las-11.00.46-300x37.png 300w, https:\/\/www.eppetroecuador.ec\/wp-content\/uploads\/2022\/08\/Captura-de-Pantalla-2022-08-01-a-las-11.00.46-768x94.png 768w, https:\/\/www.eppetroecuador.ec\/wp-content\/uploads\/2022\/08\/Captura-de-Pantalla-2022-08-01-a-las-11.00.46-1536x187.png 1536w, https:\/\/www.eppetroecuador.ec\/wp-content\/uploads\/2022\/08\/Captura-de-Pantalla-2022-08-01-a-las-11.00.46-24x3.png 24w, https:\/\/www.eppetroecuador.ec\/wp-content\/uploads\/2022\/08\/Captura-de-Pantalla-2022-08-01-a-las-11.00.46-36x4.png 36w, https:\/\/www.eppetroecuador.ec\/wp-content\/uploads\/2022\/08\/Captura-de-Pantalla-2022-08-01-a-las-11.00.46-48x6.png 48w, https:\/\/www.eppetroecuador.ec\/wp-content\/uploads\/2022\/08\/Captura-de-Pantalla-2022-08-01-a-las-11.00.46.png 1740w\" sizes=\"(max-width: 750px) 100vw, 750px\" \/><\/p>\n<p>&nbsp;<\/p>\n<h4><strong>Para participar en el remate ordinario en l\u00ednea tenga en cuenta la siguiente informaci\u00f3n:<\/strong><\/h4>\n<p>El veh\u00edculo se rematar\u00e1 de acuerdo a las especificaciones detalladas en el aval\u00fao que consta en el proceso.<\/p>\n<p><strong>AVAL\u00daO:<\/strong> El aval\u00fao del veh\u00edculo es de USD$ $ 6.500,00 (SEIS MIL QUINIENTOS CON 00\/100 D\u00d3LARES DE LOS ESTADOS UNIDOS DE AM\u00c9RICA<\/p>\n<p><strong>REGISTRO POSTORES:<\/strong> Para acceder a la Plataforma de Remates y Venta Directa en l\u00ednea de EP PETROECUADOR ingrese al siguiente enlace, reg\u00edstrese y selecione el prodecimiento de su preferencia:<\/p>\n<p>&nbsp;<\/p>\n<h1><a href=\"https:\/\/remates.eppetroecuador.ec:8050\/es\/lista_remates_externo.php?acc=rep\"><img decoding=\"async\" loading=\"lazy\" class=\"aligncenter wp-image-13910\" src=\"https:\/\/www.eppetroecuador.ec\/wp-content\/uploads\/2022\/05\/Boton-1-Web-Remates.jpg\" alt=\"\" width=\"500\" height=\"107\" srcset=\"https:\/\/www.eppetroecuador.ec\/wp-content\/uploads\/2022\/05\/Boton-1-Web-Remates.jpg 1000w, https:\/\/www.eppetroecuador.ec\/wp-content\/uploads\/2022\/05\/Boton-1-Web-Remates-300x64.jpg 300w, https:\/\/www.eppetroecuador.ec\/wp-content\/uploads\/2022\/05\/Boton-1-Web-Remates-768x164.jpg 768w, https:\/\/www.eppetroecuador.ec\/wp-content\/uploads\/2022\/05\/Boton-1-Web-Remates-24x5.jpg 24w, https:\/\/www.eppetroecuador.ec\/wp-content\/uploads\/2022\/05\/Boton-1-Web-Remates-36x8.jpg 36w, https:\/\/www.eppetroecuador.ec\/wp-content\/uploads\/2022\/05\/Boton-1-Web-Remates-48x10.jpg 48w\" sizes=\"(max-width: 500px) 100vw, 500px\" \/><\/a><\/h1>\n<p>&nbsp;<\/p>\n","protected":false},"excerpt":{"rendered":"<p class=\"excerpt\">La Jefatura de Coactiva de la Empresa P\u00fablica de Hidrocarburos del Ecuador, EP PETROECUADOR, PONE EN CONOCIMIENTO DEL P\u00daBLICO EN GENERAL, para los fines legales pertinentes que la Jefe de Coactiva de EP Petroecuador, mediante providencia de 29 de julio de 2022, a las 10h00, dentro del Procedimiento Administrativo de Ejecuci\u00f3n Coactiva No. 0012-COA-EP PEC-2020, ha dispuesto EL REMATE ORDINARIO&hellip; <a href=\"https:\/\/www.eppetroecuador.ec\/?p=14616\">Read more &rarr;<\/a><\/p>\n","protected":false},"author":5,"featured_media":14618,"comment_status":"open","ping_status":"open","sticky":false,"template":"","format":"standard","meta":[],"categories":[1],"tags":[],"_links":{"self":[{"href":"https:\/\/www.eppetroecuador.ec\/index.php?rest_route=\/wp\/v2\/posts\/14616"}],"collection":[{"href":"https:\/\/www.eppetroecuador.ec\/index.php?rest_route=\/wp\/v2\/posts"}],"about":[{"href":"https:\/\/www.eppetroecuador.ec\/index.php?rest_route=\/wp\/v2\/types\/post"}],"author":[{"embeddable":true,"href":"https:\/\/www.eppetroecuador.ec\/index.php?rest_route=\/wp\/v2\/users\/5"}],"replies":[{"embeddable":true,"href":"https:\/\/www.eppetroecuador.ec\/index.php?rest_route=%2Fwp%2Fv2%2Fcomments&post=14616"}],"version-history":[{"count":3,"href":"https:\/\/www.eppetroecuador.ec\/index.php?rest_route=\/wp\/v2\/posts\/14616\/revisions"}],"predecessor-version":[{"id":14621,"href":"https:\/\/www.eppetroecuador.ec\/index.php?rest_route=\/wp\/v2\/posts\/14616\/revisions\/14621"}],"wp:featuredmedia":[{"embeddable":true,"href":"https:\/\/www.eppetroecuador.ec\/index.php?rest_route=\/wp\/v2\/media\/14618"}],"wp:attachment":[{"href":"https:\/\/www.eppetroecuador.ec\/index.php?rest_route=%2Fwp%2Fv2%2Fmedia&parent=14616"}],"wp:term":[{"taxonomy":"category","embeddable":true,"href":"https:\/\/www.eppetroecuador.ec\/index.php?rest_route=%2Fwp%2Fv2%2Fcategories&post=14616"},{"taxonomy":"post_tag","embeddable":true,"href":"https:\/\/www.eppetroecuador.ec\/index.php?rest_route=%2Fwp%2Fv2%2Ftags&post=14616"}],"curies":[{"name":"wp","href":"https:\/\/api.w.org\/{rel}","templated":true}]}}