{"id":12734,"date":"2017-11-22T15:24:25","date_gmt":"2017-11-22T20:24:25","guid":{"rendered":"http:\/\/www.petroamazonas.gob.ec\/?p=7603"},"modified":"2017-11-22T15:24:25","modified_gmt":"2017-11-22T20:24:25","slug":"petroamazonas-ep-renovo-convenios-interinstitucionales-con-cinco-universidades-del-pais","status":"publish","type":"post","link":"https:\/\/www.eppetroecuador.ec\/?p=12734","title":{"rendered":"Petroamazonas EP renov\u00f3 convenios interinstitucionales con cinco universidades del pa\u00eds"},"content":{"rendered":"<div align=\"justify\"><span style=\"font-family: Calibri,sans-serif; font-size: small;\"><span style=\"color: black; font-family: Century Gothic,sans-serif; font-size: small;\"><span lang=\"es\">El Gerente General de Petroamazonas EP, Alex Gal\u00e1rraga, firm\u00f3 la renovaci\u00f3n de convenios espec\u00edficos de capacitaci\u00f3n con cinco universidades: la Universidad Tecnol\u00f3gica Equinoccial, Escuela Polit\u00e9cnica del Litoral, Escuela Polit\u00e9cnica Nacional, Universidad de las Fuerzas Armadas y Universidad Central del Ecuador en un evento realizado este martes 21 de noviembre, en Quito. El convenio espec\u00edfico establece\u00a0<\/span><\/span><span style=\"font-family: Century Gothic,sans-serif; font-size: small;\">mecanismos para el desarrollo de actividades de capacitaci\u00f3n, que ser\u00e1n impartidas por las universidades y escuelas polit\u00e9cnicas en favor de los servidores de Petroamazonas EP en temas relacionados a las necesidades operacionales de la empresa.<\/span><span style=\"color: black; font-family: Century Gothic,sans-serif; font-size: small;\">\u00a0<\/span><span style=\"font-family: Century Gothic,sans-serif; font-size: small;\">El titular de la estatal petrolera manifest\u00f3 su satisfacci\u00f3n sobre los resultados alcanzados entre la academia y el sector p\u00fablico \u201cesta alianza ha permitido reafirmar el conocimiento de los colaboradores de la empresa y permitir a los j\u00f3venes profesionales realizar pr\u00e1cticas pre profesionales y visitas t\u00e9cnicas\u201d finaliz\u00f3. En el evento tambi\u00e9n se realiz\u00f3 un reconocimiento a los colaboradores de Petroamazonas EP por el desarrollo de proyectos e investigaciones innovadores para el desarrollo de la industria hidrocarbur\u00edfera.\u00a0<\/span><\/span><\/div>\n<div align=\"justify\"><span style=\"font-family: Calibri,sans-serif; font-size: small;\"><span style=\"font-family: Century Gothic,sans-serif; font-size: small;\">\u00a0<\/span><\/span><\/div>\n<div align=\"justify\"><span style=\"font-family: Calibri,sans-serif; font-size: small;\"><span style=\"font-family: Century Gothic,sans-serif; font-size: small;\"><i>Felicitamos a los colaboradores y activos que fueron reconocidos por su destacada participaci\u00f3n.<\/i><\/span><\/span><\/div>\n<div align=\"justify\"><span style=\"font-family: Calibri,sans-serif; font-size: small;\"><span style=\"font-family: Century Gothic,sans-serif; font-size: small;\"><i>\u00a0<\/i><\/span><\/span><\/div>\n<div align=\"justify\"><span style=\"font-family: Times New Roman,serif; font-size: medium;\"><span style=\"font-family: Symbol; font-size: small;\">\u00b7<\/span><span style=\"font-family: Symbol;\">\u00a0\u00a0\u00a0\u00a0\u00a0\u00a0\u00a0\u00a0\u00a0<\/span><span style=\"font-family: Century Gothic,sans-serif; font-size: small;\"><b>Luis Alabuela<\/b><\/span><span style=\"font-family: Century Gothic,sans-serif; font-size: small;\">, Proyecto: Dise\u00f1o e implementaci\u00f3n de Filtro Multi-etapa, para bombas hidr\u00e1ulicas de subsuelo.<\/span><\/span><\/div>\n<div align=\"justify\"><span style=\"font-family: Times New Roman,serif; font-size: medium;\"><span style=\"font-family: Symbol; font-size: small;\">\u00b7<\/span><span style=\"font-family: Symbol;\">\u00a0\u00a0\u00a0\u00a0\u00a0\u00a0\u00a0\u00a0\u00a0<\/span><span style=\"font-family: Century Gothic,sans-serif; font-size: small;\"><b>Luis Claudio<\/b><\/span><span style=\"font-family: Century Gothic,sans-serif; font-size: small;\">, Proyecto: Simulaci\u00f3n en\u00a0 estados din\u00e1micos en el proceso de l\u00ednea de transporte<\/span><\/span><\/div>\n<div align=\"justify\"><span style=\"font-family: Times New Roman,serif; font-size: medium;\"><span style=\"font-family: Symbol; font-size: small;\">\u00b7<\/span><span style=\"font-family: Symbol;\">\u00a0\u00a0\u00a0\u00a0\u00a0\u00a0\u00a0\u00a0\u00a0<\/span><span style=\"font-family: Century Gothic,sans-serif; font-size: small;\"><b>Daniel Hidalgo<\/b><\/span><span style=\"font-family: Century Gothic,sans-serif; font-size: small;\">, Proyecto: Gesti\u00f3n de suelo contaminado con hidrocarburos recalcitrantes mediante la fabricaci\u00f3n de material cer\u00e1mico<\/span><\/span><\/div>\n<div align=\"justify\"><span style=\"font-family: Times New Roman,serif; font-size: medium;\"><span style=\"font-family: Symbol; font-size: small;\">\u00b7<\/span><span style=\"font-family: Symbol;\">\u00a0\u00a0\u00a0\u00a0\u00a0\u00a0\u00a0\u00a0\u00a0<\/span><span style=\"font-family: Century Gothic,sans-serif; font-size: small;\"><b>Jonathan Masson<\/b><\/span><span style=\"font-family: Century Gothic,sans-serif; font-size: small;\">, Proyecto: construcci\u00f3n accesos ecol\u00f3gicos en zonas inundables y\/o pantanosas mediante el uso de Geocontenedores<\/span><\/span><\/div>\n<div align=\"justify\"><span style=\"font-family: Times New Roman,serif; font-size: medium;\"><span style=\"font-family: Symbol; font-size: small;\">\u00b7<\/span><span style=\"font-family: Symbol;\">\u00a0\u00a0\u00a0\u00a0\u00a0\u00a0\u00a0\u00a0\u00a0<\/span><span style=\"font-family: Century Gothic,sans-serif; font-size: small;\"><b>Claudio Fonseca\u00a0<\/b><\/span><span style=\"font-family: Century Gothic,sans-serif; font-size: small;\">de\u00a0 la empresa Schlumberger por el proyecto<\/span><span style=\"font-family: Century Gothic,sans-serif; font-size: small;\">\u00a0<\/span><span style=\"font-family: Century Gothic,sans-serif; font-size: small;\">recuperaci\u00f3n secundaria en la operaci\u00f3n de la empresa<\/span><\/span><\/div>\n<div align=\"justify\"><span style=\"font-family: Times New Roman,serif; font-size: medium;\"><span style=\"font-family: Symbol; font-size: small;\">\u00b7<\/span><span style=\"font-family: Symbol;\">\u00a0\u00a0\u00a0\u00a0\u00a0\u00a0\u00a0\u00a0\u00a0<\/span><span style=\"font-family: Century Gothic,sans-serif; font-size: small;\"><b>Dario Cuenca<\/b><\/span><span style=\"font-family: Century Gothic,sans-serif; font-size: small;\">, resultados en optimizaci\u00f3n de la operaci\u00f3n con aumento de la producci\u00f3n y reducci\u00f3n de costos.<\/span><\/span><\/div>\n<div align=\"justify\"><span style=\"font-family: Times New Roman,serif; font-size: medium;\"><span style=\"font-family: Symbol; font-size: small;\">\u00b7<\/span><span style=\"font-family: Symbol;\">\u00a0\u00a0\u00a0\u00a0\u00a0\u00a0\u00a0\u00a0\u00a0<\/span><span style=\"font-family: Century Gothic,sans-serif; font-size: small;\"><b>Nelson Rueda,\u00a0<\/b><\/span><span style=\"font-family: Century Gothic,sans-serif; font-size: small;\">Desarrollo del Proyecto ITT<\/span><\/span><\/div>\n<div align=\"justify\"><span style=\"font-family: Times New Roman,serif; font-size: medium;\"><span style=\"font-family: Symbol; font-size: small;\">\u00b7<\/span><span style=\"font-family: Symbol;\">\u00a0\u00a0\u00a0\u00a0\u00a0\u00a0\u00a0\u00a0\u00a0<\/span><span style=\"font-family: Century Gothic,sans-serif; font-size: small;\"><b>Marcelo Lami\u00f1o,\u00a0<\/b><\/span><span style=\"font-family: Century Gothic,sans-serif; font-size: small;\">Proyecto de liberaci\u00f3n y transferencia CELEC EP \u2013 PAM EP de Turbinas M\u00f3viles GE TM2500<\/span><\/span><\/div>\n<div align=\"justify\"><span style=\"font-family: Times New Roman,serif; font-size: medium;\"><span style=\"font-family: Symbol; font-size: small;\">\u00b7<\/span><span style=\"font-family: Symbol;\">\u00a0\u00a0\u00a0\u00a0\u00a0\u00a0\u00a0\u00a0\u00a0<\/span><span style=\"font-family: Century Gothic,sans-serif; font-size: small;\"><b>Activo Shushufindi,\u00a0<\/b><\/span><span style=\"font-family: Century Gothic,sans-serif; font-size: small;\">Fracturamiento hidr\u00e1ulico en el Campo Drago, llamamos a su representante, ingeniero Lenin Pozo<\/span><\/span><\/div>\n<div align=\"justify\"><span style=\"font-family: Times New Roman,serif; font-size: medium;\"><span style=\"font-family: Symbol; font-size: small;\">\u00b7<\/span><span style=\"font-family: Symbol;\">\u00a0\u00a0\u00a0\u00a0\u00a0\u00a0\u00a0\u00a0\u00a0<\/span><span style=\"font-family: Century Gothic,sans-serif; font-size: small;\"><b>Activo Auca,<\/b><\/span><span style=\"font-family: Century Gothic,sans-serif; font-size: small;\">\u00a0Proyecto Piloto de inyecci\u00f3n de agua para recuperaci\u00f3n secundaria a la arenisca U inferior en el campo Culebra, llamamos a la Gerente de Activo, ingeniera Silvia Pi\u00f1eiros<\/span><\/span><\/div>\n<div align=\"justify\"><span style=\"font-family: Times New Roman,serif; font-size: medium;\"><span style=\"font-family: Symbol; font-size: small;\">\u00b7<\/span><span style=\"font-family: Symbol;\">\u00a0\u00a0\u00a0\u00a0\u00a0\u00a0\u00a0\u00a0\u00a0<\/span><span style=\"font-family: Century Gothic,sans-serif; font-size: small;\"><b>Activo Oso Yuralpa,<\/b><\/span><span style=\"font-family: Century Gothic,sans-serif; font-size: small;\">\u00a0Proyecto implementaci\u00f3n del Sistema Power BES, para operar pozos con sistema de bombeo hidr\u00e1ulico, llamamos al Gerente de Activo, Camilo Torres<\/span><\/span><\/div>\n<div align=\"justify\"><span style=\"font-family: Times New Roman,serif; font-size: medium;\"><span style=\"font-family: Symbol; font-size: small;\">\u00b7<\/span><span style=\"font-family: Symbol;\">\u00a0\u00a0\u00a0\u00a0\u00a0\u00a0\u00a0\u00a0\u00a0<\/span><span style=\"font-family: Century Gothic,sans-serif; font-size: small;\"><b>Proyecto OGE,<\/b><\/span><span style=\"font-family: Century Gothic,sans-serif; font-size: small;\">\u00a0 interconexi\u00f3n entre el Sistema El\u00e9ctrico Interconectado Petrolero Extendido y el Sistema Nacional Interconectado,\u00a0 Gerente de Mantenimiento, ingeniero Daniel Chiriboga<\/span><\/span><\/div>\n<div align=\"justify\"><span style=\"font-family: Times New Roman,serif; font-size: medium;\"><span style=\"font-family: Symbol; font-size: small;\">\u00b7<\/span><span style=\"font-family: Symbol;\">\u00a0\u00a0\u00a0\u00a0\u00a0\u00a0\u00a0\u00a0\u00a0<\/span><span style=\"font-family: Century Gothic,sans-serif; font-size: small;\"><b>Activo ITT,\u00a0<\/b><\/span><span style=\"font-family: Century Gothic,sans-serif; font-size: small;\">proyecto de perforaci\u00f3n de pozos horizontales, llamamos a su representante Mauro C\u00e1rdenas<\/span><\/span><\/div>\n","protected":false},"excerpt":{"rendered":"<p class=\"excerpt\">El Gerente General de Petroamazonas EP, Alex Gal\u00e1rraga, firm\u00f3 la renovaci\u00f3n de convenios espec\u00edficos de capacitaci\u00f3n con cinco universidades: la Universidad Tecnol\u00f3gica Equinoccial, Escuela Polit\u00e9cnica del Litoral, Escuela Polit\u00e9cnica Nacional, Universidad de las Fuerzas Armadas y Universidad Central del Ecuador en un evento realizado este martes 21 de noviembre, en Quito. El convenio espec\u00edfico establece\u00a0mecanismos para el desarrollo de actividades&hellip; <a href=\"https:\/\/www.eppetroecuador.ec\/?p=12734\">Read more &rarr;<\/a><\/p>\n","protected":false},"author":5,"featured_media":7604,"comment_status":"closed","ping_status":"open","sticky":false,"template":"","format":"standard","meta":[],"categories":[5],"tags":[],"_links":{"self":[{"href":"https:\/\/www.eppetroecuador.ec\/index.php?rest_route=\/wp\/v2\/posts\/12734"}],"collection":[{"href":"https:\/\/www.eppetroecuador.ec\/index.php?rest_route=\/wp\/v2\/posts"}],"about":[{"href":"https:\/\/www.eppetroecuador.ec\/index.php?rest_route=\/wp\/v2\/types\/post"}],"author":[{"embeddable":true,"href":"https:\/\/www.eppetroecuador.ec\/index.php?rest_route=\/wp\/v2\/users\/5"}],"replies":[{"embeddable":true,"href":"https:\/\/www.eppetroecuador.ec\/index.php?rest_route=%2Fwp%2Fv2%2Fcomments&post=12734"}],"version-history":[{"count":0,"href":"https:\/\/www.eppetroecuador.ec\/index.php?rest_route=\/wp\/v2\/posts\/12734\/revisions"}],"wp:featuredmedia":[{"embeddable":true,"href":"https:\/\/www.eppetroecuador.ec\/index.php?rest_route=\/"}],"wp:attachment":[{"href":"https:\/\/www.eppetroecuador.ec\/index.php?rest_route=%2Fwp%2Fv2%2Fmedia&parent=12734"}],"wp:term":[{"taxonomy":"category","embeddable":true,"href":"https:\/\/www.eppetroecuador.ec\/index.php?rest_route=%2Fwp%2Fv2%2Fcategories&post=12734"},{"taxonomy":"post_tag","embeddable":true,"href":"https:\/\/www.eppetroecuador.ec\/index.php?rest_route=%2Fwp%2Fv2%2Ftags&post=12734"}],"curies":[{"name":"wp","href":"https:\/\/api.w.org\/{rel}","templated":true}]}}