{"id":12696,"date":"2016-04-11T09:30:17","date_gmt":"2016-04-11T14:30:17","guid":{"rendered":"http:\/\/www.petroamazonas.gob.ec\/?p=5249"},"modified":"2016-04-11T09:30:17","modified_gmt":"2016-04-11T14:30:17","slug":"petroamazonas-ep-consolida-la-relacion-con-la-academia-y-firma-dos-convenios-en-guayaquil","status":"publish","type":"post","link":"https:\/\/www.eppetroecuador.ec\/?p=12696","title":{"rendered":"Petroamazonas EP consolida la relaci\u00f3n con la Academia y firma dos convenios en Guayaquil"},"content":{"rendered":"<p>El viernes 8 de abril, Petroamazonas EP firm\u00f3 dos convenios de colaboraci\u00f3n acad\u00e9mica en Guayaquil. Se trata del \u201cConvenio Marco de Cooperaci\u00f3n T\u00e9cnica-Cient\u00edfica entre Petroamazonas EP y la Universidad de Guayaquil\u201d, y el \u201cConvenio Marco de Cooperaci\u00f3n T\u00e9cnica \u2013 Cient\u00edfica entre Petroamazonas EP y el Colegio Regional de Ingenieros Qu\u00edmicos de Litoral\u201d, en el auditorio de la Universidad de Guayaquil.<\/p>\n<p>En un emotivo evento, el Gerente General de Petroamazonas, Jos\u00e9 Icaza Romero, ex alumno de la Faculta de Ingenier\u00eda Qu\u00edmica de la Universidad de Guayaquil, suscribi\u00f3 los dos convenios, cuyos testigos fueron los estudiantes que recibieron emocionados a su ex compa\u00f1ero.<\/p>\n<p>Durante su intervenci\u00f3n, Jos\u00e9 Icaza Romero, asegur\u00f3 que la nueva visi\u00f3n de la empresa es priorizar las actividades relacionadas con la capacitaci\u00f3n del personal y acercamiento a la Academia. \u201cQueremos trabajar en una sinergia entre experiencia y conocimientos. Personalmente considero que es la \u00fanica f\u00f3rmula que nunca falla. Y por eso es uno de los principales objetivos de mi trabajo en la empresa. Estoy realmente contento de ver que la gesti\u00f3n en nuestra empresa p\u00fablica significa oportunidades para las comunidades, salud para los puntos m\u00e1s distantes del pa\u00eds, recursos para el desarrollo y el impulso a la academia y a los ingenieros j\u00f3venes que alg\u00fan d\u00eda engrandecer\u00e1n a\u00fan m\u00e1s a nuestro pa\u00eds y de aquellos que con sus experiencias, nutrir\u00e1n a estas nuevas generaciones\u201d, se\u00f1al\u00f3.<\/p>\n<p>Te compartimos el discurso del Ingeniero Jos\u00e9 Icaza Romero durante el evento<\/p>\n<p><strong>Facultad de Ingenier\u00eda Qu\u00edmica de la Universidad de Guayaquil <\/strong><\/p>\n<p><strong>Hoy estamos en Guayaquil, ciudad en la que crec\u00ed, me eduqu\u00e9 y forme mi hogar, aunque ahora mis responsabilidades me han hecho desplazarme por diferentes lugares de la Patria.<\/strong><\/p>\n<p><strong>Guayaquil y en especial la Universidad Estatal es cuna de una de las facultades de Ingenier\u00eda Qu\u00edmica m\u00e1s importantes en el pa\u00eds en donde recib\u00ed mi primera formaci\u00f3n universitaria, cuyos conocimientos los he aplicado en diversos momentos de mi vida profesional, que se ha proyectado desde el sector privado y p\u00fablico en las funciones que he desempe\u00f1ado, como bien lo conocen mis colegas hoy presentes, del Colegio de Ingenieros Qu\u00edmicos, con quienes hemos trabajado en diversos temas, y de quienes recib\u00ed hace un poco m\u00e1s de un a\u00f1o el reconocimiento del Ingeniero Qu\u00edmico del A\u00f1o. <\/strong><\/p>\n<p><strong>Espero ahora desde este nuevo desaf\u00edo que he emprendido cumplir con mis metas, pero tambi\u00e9n cumplir con sus expectativas.<\/strong><\/p>\n<p><strong>Muchos ingenieros qu\u00edmicos en su quehacer se han vinculado a la industria petrolera, donde su aporte es esencial para el desarrollo del pa\u00eds. Justamente el Ministro de Hidrocarburos del sector y amigo entra\u00f1able, Carlos Pareja Yannuzzelli es un ex alumno de esta facultad y ha logrado repotenciar unos los proyectos emblem\u00e1ticos del pa\u00eds, la Refiner\u00eda Esmeraldas, en donde la formaci\u00f3n de ingenier\u00eda qu\u00edmica cobra singular importancia, pues solo profesionales con s\u00f3lidas bases y fuerte compromiso pueden llevar adelante un proyecto de esta magnitud.<\/strong><\/p>\n<p><strong>La ingenier\u00eda qu\u00edmica sobrepasa el trabajo de laboratorio cuando trabaja con los hidrocarburos en Ecuador, donde constituye el principal recurso que convierte la riqueza en bienestar para todas y todos.<\/strong><\/p>\n<p><strong><br \/>\nEs por eso que nuestra gesti\u00f3n en la empresa p\u00fablica Petroamazonas va en favor de la promoci\u00f3n de la ciencia y el conocimiento que se genera en la academia y en centros de investigaci\u00f3n del pa\u00eds, lo que es una muestra m\u00e1s de la visi\u00f3n renovadora de la pol\u00edtica p\u00fablica de nuestro <\/strong><\/p>\n<p><strong>Gobierno de la Revoluci\u00f3n Ciudadana liderada por nuestro Presidente Rafael Correa Delgado, un guayaquile\u00f1o m\u00e1s, que apuesta por potenciar el gran talento de nuestros profesionales en el contexto del cambio de matriz energ\u00e9tica del Ecuador.<br \/>\n<\/strong><\/p>\n<p><strong>Los convenios que firmamos este d\u00eda nos permiten visibilizar el trabajo del ingeniero qu\u00edmico en nuestra empresa, al tiempo que abre oportunidades para la promoci\u00f3n de nuevos perfiles que se ver\u00e1n incluidos en nuestra operaci\u00f3n.<\/strong><\/p>\n<p>Al iniciar esta semana, tuvimos un acto que protocoliz\u00f3 uno de los hechos m\u00e1s importantes de nuestra gesti\u00f3n, con la firma de contratos para nueve campos maduros, que han producido por d\u00e9cadas y hoy requieren inversiones y tecnolog\u00eda para incrementar su factor de recobro y mantener la producci\u00f3n por m\u00e1s tiempo.<\/p>\n<p><strong>Ha sido un verdadero reto, que parec\u00eda imposible, pero hemos bajado las tarifas por barril incremental de promedios que sobrepasaban los 30 d\u00f3lares a 10 d\u00f3lares. Todo es posible con creatividad, esfuerzo y compromiso.<\/strong><\/p>\n<p><strong><br \/>\nSin duda este hecho significar\u00e1 mayores oportunidades para todos los sectores econ\u00f3micos del pa\u00eds, en especial a los servicios locales de la Amazon\u00eda, de los emprendimientos, asociaciones y peque\u00f1os productores que tienen la capacidad de ser proveedores de nuestra empresa p\u00fablica. <\/strong><\/p>\n<p><strong>Para lograr su reactivaci\u00f3n, adem\u00e1s de los recursos econ\u00f3micos y la tecnolog\u00eda, hay un factor necesario e inagotable, pero no por ello menos importante, es m\u00e1s, bajo mi visi\u00f3n, es imprescindible: el talento humano.<\/strong><\/p>\n<p><strong>Siempre he cre\u00eddo que las oportunidades hay que compartirlas y ahora que he recibido el encargo de gerenciar Petroamazonas es un compromiso personal compartir oportunidades para todos los profesionales ecuatorianos. <\/strong><\/p>\n<p><strong>Este convenio abre las puertas de nuestra empresa p\u00fablica para todos ustedes, pero tambi\u00e9n queremos fortalecer la relaci\u00f3n con los profesionales de qu\u00edmicos, con los maestros de la facultad, con sus alumnos y con todos quienes forman parte de este entorno acad\u00e9mico.<\/strong><\/p>\n<p><strong>Queremos trabajar en una sinergia entre experiencia y conocimientos. Personalmente considero que es la \u00fanica f\u00f3rmula que nunca falla. Y por eso es uno de los principales objetivos de mi trabajo en la empresa.<\/strong><\/p>\n<p>Estamos, en poco tiempo al frente de la empresa, gestionando un gran cambio, con una mirada enfocada en optimizar la operaci\u00f3n y obtener mayores resultados en base, no de inversiones ostentosas en t\u00e9rminos econ\u00f3micos, sino de la creatividad y el talento de nuestros t\u00e9cnicos. Tenemos cifradas en estos t\u00e9rminos, nuestras esperanzas en los nuevos ingenieros qu\u00edmicos de nuestra ciudad.<\/p>\n<p><strong>Hemos mejorado nuestros indicadores de gesti\u00f3n. Ahora nuestra empresa produce en forma sostenible sobre los 367 mil barriles diarios de petr\u00f3leo, en 2015, el promedio no super\u00f3 los 348 mil barriles diarios. Todo gracias al esfuerzo de los ecuatorianos de todo el pa\u00eds que conforman Petroamazonas.<\/strong><\/p>\n<p><strong>Hasta ahora hemos estrechado lazos con centros acad\u00e9micos como Yachay EP, la Universidad Tecnol\u00f3gica Equinoccial, la Escuela Polit\u00e9cnica del Ej\u00e9rcito, en este caso, la firma de estos convenios tanto con el Colegio de Ingenieros Qu\u00edmicos, como con esta querida Facultad, ha sido una tarea pendiente. Una tarea entra\u00f1able que ahora tengo el honor de cumplir.<\/strong><\/p>\n<p><strong>En un poco m\u00e1s de tres meses de gesti\u00f3n hemos buscando consolidar el trabajo de la empresa sobre la base de la gente, del personal de Petroamazonas, del personal\u00a0 de las comunidades en las que se encuentran nuestros proyectos de hidrocarburos y por supuesto en la Academia y quienes la conforman y representan. <\/strong><\/p>\n<p><strong>Como ha mencionado nuestro Vicepresidente Jorge Glas, el reto es cambiar nuestra matriz del pensamiento, \u00a0para lograrlo, no hay mejores aliados que aquellos criterios s\u00f3lidos, cient\u00edficos y sustentados en la investigaci\u00f3n y la ciencia, como son los suyos. <\/strong><\/p>\n<p><strong>Por eso, esta firma tambi\u00e9n constituye sumar energ\u00edas nuevas y positivas a este cambio de matriz del pensamiento, contar con ideas despojadas de cualquier juicio anticipado y negativo hacia un trabajo fundamentado en el bienestar de la gente.<br \/>\n<\/strong><\/p>\n<p><strong>Ayer por ejemplo, luego de una semana de intenso trabajo, tuvimos la oportunidad de ir a la comunidad La Primavera, en el cant\u00f3n Shushufindi de la provincia de Sucumb\u00edos, donde se ejecutaba una de las brigadas m\u00e9dicas que coordinamos con el Ministerio de Salud P\u00fablica y que es una actividad constante de nuestra empresa en favor de las comunidades.<\/strong><\/p>\n<p><strong>Ah\u00ed pude saludar a las socias de la Asociaci\u00f3n de Mujeres, una organizaci\u00f3n que a trav\u00e9s de un peque\u00f1o impulso de nuestra empresa, en equipos e insumos, ahora tienen su propia empresa textil, que exitosamente cuenta con \u00f3rdenes de producci\u00f3n de uniformes escolares y de uniformes para nuestros trabajadores locales.<\/strong><\/p>\n<p><strong>Ellas dan cuenta de la manera como la optimizaci\u00f3n de la operaci\u00f3n que mencion\u00e9 hace poco tambi\u00e9n va tomando un rostro humano.<\/strong><\/p>\n<p><strong>En t\u00e9rminos conceptuales, estamos benefici\u00e1ndonos de un servicio entregado con excelencia y fervor, y a cambio pagamos la justa cuant\u00eda que eso significa, incluyendo temas de log\u00edstica que existen por producir en un centro poblado de dif\u00edcil acceso geogr\u00e1fico.<\/strong><\/p>\n<p><strong>Este encuentro gratificante que me permito compartir con ustedes, es porque desde la nueva visi\u00f3n de Petroamazonas, el petr\u00f3leo es de todos, y as\u00ed como yo pude compartir con estas ecuatorianas de Shushufundi, quisiera que ustedes tambi\u00e9n me acompa\u00f1en en estas experiencias, y que nuestros trabajadores de la Amazon\u00eda tambi\u00e9n puedan beneficiarse del c\u00famulo de experiencias de ustedes. <\/strong><strong><br \/>\n<\/strong><\/p>\n<p><strong>El Gobierno ecuatoriano sigue enfrentando actualmente a los \u00faltimos resquicios de grupos de poder que dominaron el pa\u00eds en medio del caos d\u00e9cadas atr\u00e1s. Muchos de esos grupos poderosos, miran a la industria petrolera como un bot\u00edn. Nosotros lo vemos como el gestor de los recursos para el desarrollo compartido. <\/strong><\/p>\n<p><strong>Eso es lo que todos debemos reflexionar en los albores de tiempos electorales, pues hoy nos atacan, nos quieren ganar la moral, para luego volver a someter al pa\u00eds a sus antojos.<\/strong><\/p>\n<p><strong>Compa\u00f1eros, nos encuentran unidos, fuertes, solidarios y sobre todo con la moral en alto. Ahora somos un pu\u00f1ado de qu\u00edmicos celebrando un convenio, pero en realidad es ese compa\u00f1erismo un pu\u00f1o s\u00f3lido y \u00fanico para lograr nuestros objetivos.<\/strong><\/p>\n<p><strong>Estoy realmente contento de ver que la gesti\u00f3n en nuestra empresa p\u00fablica significa oportunidades para las comunidades, salud para los puntos m\u00e1s distantes del pa\u00eds, recursos para el desarrollo y el impulso a la academia y a los ingenieros j\u00f3venes que alg\u00fan d\u00eda engrandecer\u00e1n a\u00fan m\u00e1s a nuestro pa\u00eds y de aquellos que con sus experiencias, nutrir\u00e1n a estas nuevas generaciones.<\/strong><\/p>\n<p><strong><br \/>\nMuchas gracias.<\/strong><\/p>\n<p>&nbsp;<\/p>\n","protected":false},"excerpt":{"rendered":"<p class=\"excerpt\">El viernes 8 de abril, Petroamazonas EP firm\u00f3 dos convenios de colaboraci\u00f3n acad\u00e9mica en Guayaquil. Se trata del \u201cConvenio Marco de Cooperaci\u00f3n T\u00e9cnica-Cient\u00edfica entre Petroamazonas EP y la Universidad de Guayaquil\u201d, y el \u201cConvenio Marco de Cooperaci\u00f3n T\u00e9cnica \u2013 Cient\u00edfica entre Petroamazonas EP y el Colegio Regional de Ingenieros Qu\u00edmicos de Litoral\u201d, en el auditorio de la Universidad de Guayaquil.&hellip; <a href=\"https:\/\/www.eppetroecuador.ec\/?p=12696\">Read more &rarr;<\/a><\/p>\n","protected":false},"author":5,"featured_media":5254,"comment_status":"open","ping_status":"open","sticky":false,"template":"","format":"standard","meta":[],"categories":[5],"tags":[],"_links":{"self":[{"href":"https:\/\/www.eppetroecuador.ec\/index.php?rest_route=\/wp\/v2\/posts\/12696"}],"collection":[{"href":"https:\/\/www.eppetroecuador.ec\/index.php?rest_route=\/wp\/v2\/posts"}],"about":[{"href":"https:\/\/www.eppetroecuador.ec\/index.php?rest_route=\/wp\/v2\/types\/post"}],"author":[{"embeddable":true,"href":"https:\/\/www.eppetroecuador.ec\/index.php?rest_route=\/wp\/v2\/users\/5"}],"replies":[{"embeddable":true,"href":"https:\/\/www.eppetroecuador.ec\/index.php?rest_route=%2Fwp%2Fv2%2Fcomments&post=12696"}],"version-history":[{"count":0,"href":"https:\/\/www.eppetroecuador.ec\/index.php?rest_route=\/wp\/v2\/posts\/12696\/revisions"}],"wp:featuredmedia":[{"embeddable":true,"href":"https:\/\/www.eppetroecuador.ec\/index.php?rest_route=\/wp\/v2\/posts\/5254"}],"wp:attachment":[{"href":"https:\/\/www.eppetroecuador.ec\/index.php?rest_route=%2Fwp%2Fv2%2Fmedia&parent=12696"}],"wp:term":[{"taxonomy":"category","embeddable":true,"href":"https:\/\/www.eppetroecuador.ec\/index.php?rest_route=%2Fwp%2Fv2%2Fcategories&post=12696"},{"taxonomy":"post_tag","embeddable":true,"href":"https:\/\/www.eppetroecuador.ec\/index.php?rest_route=%2Fwp%2Fv2%2Ftags&post=12696"}],"curies":[{"name":"wp","href":"https:\/\/api.w.org\/{rel}","templated":true}]}}