{"id":12695,"date":"2016-04-08T10:41:22","date_gmt":"2016-04-08T15:41:22","guid":{"rendered":"http:\/\/www.petroamazonas.gob.ec\/?p=5239"},"modified":"2016-04-08T10:41:22","modified_gmt":"2016-04-08T15:41:22","slug":"cita-regional-de-paises-exportadores-de-petroleo-se-realizara-manana-en-quito","status":"publish","type":"post","link":"https:\/\/www.eppetroecuador.ec\/?p=12695","title":{"rendered":"Cita Regional de Pa\u00edses Exportadores de Petr\u00f3leo se realizar\u00e1 ma\u00f1ana en Quito"},"content":{"rendered":"<p>Con la presencia de Ministros y delegaciones diplom\u00e1ticas de Colombia, Ecuador, M\u00e9xico y Venezuela y el Representante de la Organizaci\u00f3n Latinoamericana de Energ\u00eda (OLADE) se llevar\u00e1 a cabo ma\u00f1ana viernes 8 de abril, la Cita Regional de Pa\u00edses Exportadores de Petr\u00f3leo en Quito, con la finalidad de definir la postura que llevar\u00e1 la regi\u00f3n al encuentro de pa\u00edses productores de petr\u00f3leo, miembros y no miembros de la Organizaci\u00f3n de Pa\u00edses Exportadores de Petr\u00f3leo (OPEP), que se efectuar\u00e1 el 17 de abril en Doha, Catar.<\/p>\n<p>La reuni\u00f3n latinoamericana se desarrollar\u00e1 en la sede de la Uni\u00f3n de Naciones Suramericanas (Unasur) a partir de las 13h00.<\/p>\n<p>El encuentro de las delegaciones fue confirmado oficialmente por el Presidente de la Rep\u00fablica, Rafael Correa Delgado, durante un conversatorio con medios de comunicaci\u00f3n, el pasado 5 de abril, en el que asegur\u00f3 que se espera que en Catar se pueda llevar una propuesta conjunta de congelaci\u00f3n de la producci\u00f3n e incluso, si es posible, lograr una reducci\u00f3n.<\/p>\n","protected":false},"excerpt":{"rendered":"<p class=\"excerpt\">Con la presencia de Ministros y delegaciones diplom\u00e1ticas de Colombia, Ecuador, M\u00e9xico y Venezuela y el Representante de la Organizaci\u00f3n Latinoamericana de Energ\u00eda (OLADE) se llevar\u00e1 a cabo ma\u00f1ana viernes 8 de abril, la Cita Regional de Pa\u00edses Exportadores de Petr\u00f3leo en Quito, con la finalidad de definir la postura que llevar\u00e1 la regi\u00f3n al encuentro de pa\u00edses productores de&hellip; <a href=\"https:\/\/www.eppetroecuador.ec\/?p=12695\">Read more &rarr;<\/a><\/p>\n","protected":false},"author":5,"featured_media":5240,"comment_status":"open","ping_status":"open","sticky":false,"template":"","format":"standard","meta":[],"categories":[5],"tags":[],"_links":{"self":[{"href":"https:\/\/www.eppetroecuador.ec\/index.php?rest_route=\/wp\/v2\/posts\/12695"}],"collection":[{"href":"https:\/\/www.eppetroecuador.ec\/index.php?rest_route=\/wp\/v2\/posts"}],"about":[{"href":"https:\/\/www.eppetroecuador.ec\/index.php?rest_route=\/wp\/v2\/types\/post"}],"author":[{"embeddable":true,"href":"https:\/\/www.eppetroecuador.ec\/index.php?rest_route=\/wp\/v2\/users\/5"}],"replies":[{"embeddable":true,"href":"https:\/\/www.eppetroecuador.ec\/index.php?rest_route=%2Fwp%2Fv2%2Fcomments&post=12695"}],"version-history":[{"count":0,"href":"https:\/\/www.eppetroecuador.ec\/index.php?rest_route=\/wp\/v2\/posts\/12695\/revisions"}],"wp:featuredmedia":[{"embeddable":true,"href":"https:\/\/www.eppetroecuador.ec\/index.php?rest_route=\/"}],"wp:attachment":[{"href":"https:\/\/www.eppetroecuador.ec\/index.php?rest_route=%2Fwp%2Fv2%2Fmedia&parent=12695"}],"wp:term":[{"taxonomy":"category","embeddable":true,"href":"https:\/\/www.eppetroecuador.ec\/index.php?rest_route=%2Fwp%2Fv2%2Fcategories&post=12695"},{"taxonomy":"post_tag","embeddable":true,"href":"https:\/\/www.eppetroecuador.ec\/index.php?rest_route=%2Fwp%2Fv2%2Ftags&post=12695"}],"curies":[{"name":"wp","href":"https:\/\/api.w.org\/{rel}","templated":true}]}}