{"id":12690,"date":"2016-03-23T10:48:16","date_gmt":"2016-03-23T15:48:16","guid":{"rendered":"http:\/\/www.petroamazonas.gob.ec\/?p=5173"},"modified":"2016-03-23T10:48:16","modified_gmt":"2016-03-23T15:48:16","slug":"ecuador-optimista-frente-a-reunion-de-paises-productores-de-petroleo-en-doha","status":"publish","type":"post","link":"https:\/\/www.eppetroecuador.ec\/?p=12690","title":{"rendered":"Ecuador optimista frente a reuni\u00f3n de pa\u00edses productores de petr\u00f3leo en Doha"},"content":{"rendered":"<p>El Ministro de Hidrocarburos, Carlos Pareja Yannuzzelli, en representaci\u00f3n del Gobierno ecuatoriano, ha sido invitado y asistir\u00e1 a la reuni\u00f3n de pa\u00edses productores de petr\u00f3leo, miembros y no miembros de la Organizaci\u00f3n de Pa\u00edses Exportadores de Petr\u00f3leo (OPEP), que se efectuar\u00e1 el 17 de abril en Doha, Catar.<\/p>\n<p>El Secretario de Estado se mostr\u00f3 optimista frente al futuro encuentro en Doha y se\u00f1al\u00f3 que el pa\u00eds espera que en esta reuni\u00f3n se llegue a un acuerdo para estabilizar los precios del crudo en el mercado internacional.\u00a0 \u201cAhora todo el mundo est\u00e1 de acuerdo en que se debe tomar alguna decisi\u00f3n con respecto a lo que sucede con los precios del petr\u00f3leo\u201d, dijo.<\/p>\n<p>Previo a esta reuni\u00f3n, el Ministro insisti\u00f3 en la necesidad de que se concrete un encuentro regional para tratar el tema, pues Latinoam\u00e9rica, que en bloque representa el tercer productor mundial, deber\u00eda llevar una sola voz unida y fuerte.<\/p>\n<p>En su m\u00e1s reciente encuentro con los medios de comunicaci\u00f3n, el Presidente Rafael Correa resalt\u00f3 la importancia de la reuni\u00f3n del 17 de abril y recalc\u00f3 que Ecuador insistir\u00e1 en su posici\u00f3n, que \u201csiempre ha sido controlar la producci\u00f3n e incluso disminuirla, de ser necesario, para que se recuperen los precios. Buscar un precio razonable de equilibrio\u201d.<\/p>\n<p>Seg\u00fan inform\u00f3 el Ministro de Energ\u00eda catar\u00ed y presidente de turno de la OPEP, Mohamed Saleh al Sada, existe un acuerdo mayoritario, entre los pa\u00edses miembros y no miembros de la OPEP, de adherirse a la iniciativa de congelar la producci\u00f3n, propuesta que desde el inicio de desestabilizaci\u00f3n del mercado petrolero, fue apoyada por Ecuador.<\/p>\n<p>Fuente: <a href=\"http:\/\/www.hidrocarburos.gob.ec\/ecuador-optimista-frente-a-reunion-de-paises-productores-de-petroleo-en-doha\/\" target=\"_blank\" rel=\"noopener noreferrer\">Ministerio de Hidrocarburos<\/a><\/p>\n","protected":false},"excerpt":{"rendered":"<p class=\"excerpt\">El Ministro de Hidrocarburos, Carlos Pareja Yannuzzelli, en representaci\u00f3n del Gobierno ecuatoriano, ha sido invitado y asistir\u00e1 a la reuni\u00f3n de pa\u00edses productores de petr\u00f3leo, miembros y no miembros de la Organizaci\u00f3n de Pa\u00edses Exportadores de Petr\u00f3leo (OPEP), que se efectuar\u00e1 el 17 de abril en Doha, Catar. El Secretario de Estado se mostr\u00f3 optimista frente al futuro encuentro en&hellip; <a href=\"https:\/\/www.eppetroecuador.ec\/?p=12690\">Read more &rarr;<\/a><\/p>\n","protected":false},"author":5,"featured_media":0,"comment_status":"open","ping_status":"open","sticky":false,"template":"","format":"standard","meta":[],"categories":[5],"tags":[],"_links":{"self":[{"href":"https:\/\/www.eppetroecuador.ec\/index.php?rest_route=\/wp\/v2\/posts\/12690"}],"collection":[{"href":"https:\/\/www.eppetroecuador.ec\/index.php?rest_route=\/wp\/v2\/posts"}],"about":[{"href":"https:\/\/www.eppetroecuador.ec\/index.php?rest_route=\/wp\/v2\/types\/post"}],"author":[{"embeddable":true,"href":"https:\/\/www.eppetroecuador.ec\/index.php?rest_route=\/wp\/v2\/users\/5"}],"replies":[{"embeddable":true,"href":"https:\/\/www.eppetroecuador.ec\/index.php?rest_route=%2Fwp%2Fv2%2Fcomments&post=12690"}],"version-history":[{"count":0,"href":"https:\/\/www.eppetroecuador.ec\/index.php?rest_route=\/wp\/v2\/posts\/12690\/revisions"}],"wp:attachment":[{"href":"https:\/\/www.eppetroecuador.ec\/index.php?rest_route=%2Fwp%2Fv2%2Fmedia&parent=12690"}],"wp:term":[{"taxonomy":"category","embeddable":true,"href":"https:\/\/www.eppetroecuador.ec\/index.php?rest_route=%2Fwp%2Fv2%2Fcategories&post=12690"},{"taxonomy":"post_tag","embeddable":true,"href":"https:\/\/www.eppetroecuador.ec\/index.php?rest_route=%2Fwp%2Fv2%2Ftags&post=12690"}],"curies":[{"name":"wp","href":"https:\/\/api.w.org\/{rel}","templated":true}]}}