{"id":12688,"date":"2016-03-22T08:50:52","date_gmt":"2016-03-22T13:50:52","guid":{"rendered":"http:\/\/www.petroamazonas.gob.ec\/?p=5162"},"modified":"2016-03-22T08:50:52","modified_gmt":"2016-03-22T13:50:52","slug":"trabajamos-para-garantizar-el-acceso-uso-y-aprovechamiento-justo-y-equitativo-del-agua","status":"publish","type":"post","link":"https:\/\/www.eppetroecuador.ec\/?p=12688","title":{"rendered":"Trabajamos para garantizar el acceso, uso y aprovechamiento justo y equitativo del agua"},"content":{"rendered":"<p>&nbsp;<\/p>\n<p>&nbsp;<\/p>\n<p>La Asamblea General de las Naciones Unidas, desde 1993, adopt\u00f3 que el 22 de marzo de cada a\u00f1o se celebre el\u00a0 D\u00eda Mundial del Agua. Esta celebraci\u00f3n se enmarca este a\u00f1o en la relaci\u00f3n que existe entre el l\u00edquido vital y el trabajo.<\/p>\n<p>Naciones Unidas propone que la conmemoraci\u00f3n de este d\u00eda sea para dar a conocer la importancia de contar con suficiente agua, en cantidad y calidad, para garantizar cientos de millones de puestos de trabajo a lo largo y ancho del mundo.<\/p>\n<p>En ese contexto, el Gobierno Nacional, a trav\u00e9s de las instituciones que integran Sectores Estrat\u00e9gicos, trabajamos para garantizar el acceso, uso y aprovechamiento justo y equitativo del agua, a trav\u00e9s de una gesti\u00f3n integral del recurso h\u00eddrico.<\/p>\n<p>Con la creaci\u00f3n de una nueva institucionalidad, Secretar\u00eda del Agua, Empresa P\u00fablica del Agua y la Agencia de Regulaci\u00f3n y Control del Agua, promovemos y trabajamos por la mejora de la gesti\u00f3n del recurso h\u00eddrico,\u00a0 consiguiendo:<\/p>\n<p>Asegurar la disponibilidad del recurso h\u00eddrico, para sustentar la provisi\u00f3n de este para toda actividad social y econ\u00f3mica;<\/p>\n<p>Mitigar los riesgos relativos al agua como las inundaciones, las sequ\u00edas y la contaminaci\u00f3n;<\/p>\n<p>Abordar los conflictos que puedan presentarse por el uso y aprovechamiento del agua.<\/p>\n<p>La disponibilidad h\u00eddrica es vital para construir un futuro mejor: un futuro en el cual exista suficiente agua para el desarrollo econ\u00f3mico y social y para los ecosistemas, puesto que \u00e9sta reduce la pobreza, promueve la educaci\u00f3n y aumenta el nivel de vida.<\/p>\n<p>Es por esto que en los \u00faltimos nueve a\u00f1os, el Gobierno Nacional ha invertido USD 1. 213 millones, es decir cinco veces m\u00e1s de lo invertido hasta el 2007 por los gobiernos del pasado, en la construcci\u00f3n de una moderna infraestructura h\u00eddrica para riego y control de inundaciones. As\u00ed duplicamos las hect\u00e1reas de riego (de 172 mil a 351311 has.) e incrementamos 1.6 veces m\u00e1s (de 200 mil a 532 mil) los habitantes beneficiados con los sistemas de control de inundaciones.<\/p>\n<p>Con una pol\u00edtica de manejo integral del agua para todos, ejercemos la rector\u00eda del agua, en articulaci\u00f3n con las competencias municipales. As\u00ed, en los \u00faltimos a\u00f1os se increment\u00f3 del 69 al 80,4 por ciento la cobertura de agua potable a escala nacional; mientras que la cobertura del alcantarillado subi\u00f3 del 52,6 por ciento al 65 por ciento en los \u00faltimos nueve a\u00f1os.<\/p>\n<p><strong>Foro H\u00eddrico Acad\u00e9mico <\/strong><\/p>\n<p>La Secretar\u00eda del Agua junto a sus adscritas, la Empresa P\u00fablica del Agua, EPA, y la Agencia de Regulaci\u00f3n y Control del Agua, ARCA, realizar\u00e1n varias actividades relacionadas a esta celebraci\u00f3n del D\u00eda Mundial del Agua. Entre estas actividades se incluye un Foro H\u00eddrico Acad\u00e9mico, que contar\u00e1 con la participaci\u00f3n de expertos nacionales e internacionales, el lanzamiento de la Estrategia Nacional de Agua Potable y Saneamiento, ENAS y del Plan Nacional del Agua, entre otros.<\/p>\n<p>Este programa se realizar\u00e1 en el auditorio de la Facultad de Ingenier\u00eda El\u00e9ctrica de la ESPOL, desde las 14h00, de la ciudad de Guayaquil. Adem\u00e1s habr\u00e1 ferias ciudadanas y carpas explicativas en todo el pa\u00eds, con el objetivo de dar a conocer la gesti\u00f3n de la Secretar\u00eda del Agua, la ejecuci\u00f3n de los megaproyectos, concluidos todos a inicios de a\u00f1o.<\/p>\n<p>&nbsp;<\/p>\n<p>Fuente:<\/p>\n<p><strong><em>Direcci\u00f3n de Comunicaci\u00f3n Social.<br \/>\nMinisterio de Coordinaci\u00f3n de los Sectores Estrat\u00e9gicos<\/em><\/strong><\/p>\n<p><strong><em>Contacto: 2660670 ext. 427 &#8211; 425<\/em><\/strong><\/p>\n","protected":false},"excerpt":{"rendered":"<p class=\"excerpt\">&nbsp; &nbsp; La Asamblea General de las Naciones Unidas, desde 1993, adopt\u00f3 que el 22 de marzo de cada a\u00f1o se celebre el\u00a0 D\u00eda Mundial del Agua. Esta celebraci\u00f3n se enmarca este a\u00f1o en la relaci\u00f3n que existe entre el l\u00edquido vital y el trabajo. Naciones Unidas propone que la conmemoraci\u00f3n de este d\u00eda sea para dar a conocer la&hellip; <a href=\"https:\/\/www.eppetroecuador.ec\/?p=12688\">Read more &rarr;<\/a><\/p>\n","protected":false},"author":5,"featured_media":5163,"comment_status":"open","ping_status":"open","sticky":false,"template":"","format":"standard","meta":[],"categories":[5],"tags":[],"_links":{"self":[{"href":"https:\/\/www.eppetroecuador.ec\/index.php?rest_route=\/wp\/v2\/posts\/12688"}],"collection":[{"href":"https:\/\/www.eppetroecuador.ec\/index.php?rest_route=\/wp\/v2\/posts"}],"about":[{"href":"https:\/\/www.eppetroecuador.ec\/index.php?rest_route=\/wp\/v2\/types\/post"}],"author":[{"embeddable":true,"href":"https:\/\/www.eppetroecuador.ec\/index.php?rest_route=\/wp\/v2\/users\/5"}],"replies":[{"embeddable":true,"href":"https:\/\/www.eppetroecuador.ec\/index.php?rest_route=%2Fwp%2Fv2%2Fcomments&post=12688"}],"version-history":[{"count":0,"href":"https:\/\/www.eppetroecuador.ec\/index.php?rest_route=\/wp\/v2\/posts\/12688\/revisions"}],"wp:featuredmedia":[{"embeddable":true,"href":"https:\/\/www.eppetroecuador.ec\/index.php?rest_route=\/wp\/v2\/media\/5163"}],"wp:attachment":[{"href":"https:\/\/www.eppetroecuador.ec\/index.php?rest_route=%2Fwp%2Fv2%2Fmedia&parent=12688"}],"wp:term":[{"taxonomy":"category","embeddable":true,"href":"https:\/\/www.eppetroecuador.ec\/index.php?rest_route=%2Fwp%2Fv2%2Fcategories&post=12688"},{"taxonomy":"post_tag","embeddable":true,"href":"https:\/\/www.eppetroecuador.ec\/index.php?rest_route=%2Fwp%2Fv2%2Ftags&post=12688"}],"curies":[{"name":"wp","href":"https:\/\/api.w.org\/{rel}","templated":true}]}}