{"id":12687,"date":"2016-03-17T14:50:30","date_gmt":"2016-03-17T19:50:30","guid":{"rendered":"http:\/\/www.petroamazonas.gob.ec\/?p=5141"},"modified":"2016-03-17T14:50:30","modified_gmt":"2016-03-17T19:50:30","slug":"petroamazonas-ep-concreta-fortalecimiento-del-proyecto-de-integracion-laboral-con-nuevos-colaboradores","status":"publish","type":"post","link":"https:\/\/www.eppetroecuador.ec\/?p=12687","title":{"rendered":"Petroamazonas EP concreta fortalecimiento del proyecto de integraci\u00f3n laboral con nuevos colaboradores"},"content":{"rendered":"<p><strong>\u00a0<img decoding=\"async\" loading=\"lazy\" class=\"alignnone size-large wp-image-5144\" src=\"http:\/\/www.petroamazonas.gob.ec\/wp-content\/uploads\/2016\/03\/DSC_2295-1024x683.jpg\" alt=\"DSC_2295\" width=\"1024\" height=\"683\" \/><\/strong><\/p>\n<p><em>El pasado mes de enero se firm\u00f3 un acuerdo que ahora se cumple con nuevos colaboradores para el Proyecto SIL<\/em><\/p>\n<p><strong>\u00a0<\/strong><\/p>\n<p><strong>Quito, 17 de marzo de 2016.-<\/strong> Petroamazonas EP incorpor\u00f3 este 17 de marzo a 20 nuevos colaboradores con discapacidad en su Proyecto de Servicio de Integraci\u00f3n Laboral (SIL), con lo cual fortalece por primera vez esta iniciativa inaugurada en 2009.<\/p>\n<p>La decisi\u00f3n de incrementar la n\u00f3mina, que ahora tiene 104 colaboradores, fue destacada por el gerente general de Petroamazonas EP, Jos\u00e9 Icaza Romero durante el evento de incorporaci\u00f3n de los nuevos trabajadores en Quito.<\/p>\n<p><em>\u201cNuestro reto, desde lo personal, es dejar a esta empresa mejor de lo que la encontramos, les invito a sumarse a esta estrategia desde cualquier lugar que se encuentren, dejando de lado los personalismos que muchas veces se convierten en el defecto que nos impide servir a los dem\u00e1s\u201d,<\/em> dijo.<\/p>\n<p>Desde el a\u00f1o 2009 inicia en Ecuador el SIL, proyecto que da cumplimiento a la pol\u00edtica p\u00fablica para personas con discapacidad mediante la implementaci\u00f3n un servicio para capacitar, sensibilizar, ubicar en puestos de trabajo, dar charlas motivacionales, terapias familiares, entre otras actividades en torno a la integraci\u00f3n de personas con discapacidad.<\/p>\n<p>Hasta ahora, el proyecto SIL ha incorporado a 12.900 personas con discapacidad en distintos puestos de trabajo en 8.355 empresas p\u00fablicas y privadas; ha capacitado a casi 50.000 personas y ejecutado 2.385 charlas de sensibilizaci\u00f3n.<\/p>\n<p><img decoding=\"async\" loading=\"lazy\" class=\"alignnone size-large wp-image-5145\" src=\"http:\/\/www.petroamazonas.gob.ec\/wp-content\/uploads\/2016\/03\/DSC_2308-1024x683.jpg\" alt=\"DSC_2308\" width=\"1024\" height=\"683\" \/><\/p>\n<p>Xavier Torres, presidente ejecutivo de la Federaci\u00f3n Nacional de Discapacidad F\u00edsica (Fenedif) resalt\u00f3:<\/p>\n<p><em>\u201cEstamos transitoriamente en esta directiva, pero siempre reconocemos que cuando se abre una puerta se deja esperanza; agradecemos a Jos\u00e9 Icaza Romero por los retos impuestos y por permitirnos demostrar que amamos la vida\u201d.<\/em><\/p>\n<p>El pasado 13 de febrero se firm\u00f3 en Quito un acuerdo de Petroamazonas EP para fortalecer el SIL, que este d\u00eda se concreta con esta incorporaci\u00f3n de trabajadores y al alcanzar la cobertura en 23 provincias del pa\u00eds (excepto Gal\u00e1pagos).<\/p>\n<p>El evento de firma de contratos coincidi\u00f3 con la jornada en la que la empresa logra un nuevo pico de producci\u00f3n en este a\u00f1o, al llegar a 363.240 barriles diarios de petr\u00f3leo, un incremento significativo frente al promedio diario de 2015 de 348.728 barriles por d\u00eda.<\/p>\n<p>Comunicaci\u00f3n Corporativa<\/p>\n<p>Petroamazonas EP<\/p>\n<p>Tel\u00e9fonos: 2467 500, Ext. 18329, 18127<\/p>\n","protected":false},"excerpt":{"rendered":"<p class=\"excerpt\">\u00a0 El pasado mes de enero se firm\u00f3 un acuerdo que ahora se cumple con nuevos colaboradores para el Proyecto SIL \u00a0 Quito, 17 de marzo de 2016.- Petroamazonas EP incorpor\u00f3 este 17 de marzo a 20 nuevos colaboradores con discapacidad en su Proyecto de Servicio de Integraci\u00f3n Laboral (SIL), con lo cual fortalece por primera vez esta iniciativa inaugurada&hellip; <a href=\"https:\/\/www.eppetroecuador.ec\/?p=12687\">Read more &rarr;<\/a><\/p>\n","protected":false},"author":5,"featured_media":0,"comment_status":"open","ping_status":"open","sticky":false,"template":"","format":"standard","meta":[],"categories":[5],"tags":[],"_links":{"self":[{"href":"https:\/\/www.eppetroecuador.ec\/index.php?rest_route=\/wp\/v2\/posts\/12687"}],"collection":[{"href":"https:\/\/www.eppetroecuador.ec\/index.php?rest_route=\/wp\/v2\/posts"}],"about":[{"href":"https:\/\/www.eppetroecuador.ec\/index.php?rest_route=\/wp\/v2\/types\/post"}],"author":[{"embeddable":true,"href":"https:\/\/www.eppetroecuador.ec\/index.php?rest_route=\/wp\/v2\/users\/5"}],"replies":[{"embeddable":true,"href":"https:\/\/www.eppetroecuador.ec\/index.php?rest_route=%2Fwp%2Fv2%2Fcomments&post=12687"}],"version-history":[{"count":0,"href":"https:\/\/www.eppetroecuador.ec\/index.php?rest_route=\/wp\/v2\/posts\/12687\/revisions"}],"wp:attachment":[{"href":"https:\/\/www.eppetroecuador.ec\/index.php?rest_route=%2Fwp%2Fv2%2Fmedia&parent=12687"}],"wp:term":[{"taxonomy":"category","embeddable":true,"href":"https:\/\/www.eppetroecuador.ec\/index.php?rest_route=%2Fwp%2Fv2%2Fcategories&post=12687"},{"taxonomy":"post_tag","embeddable":true,"href":"https:\/\/www.eppetroecuador.ec\/index.php?rest_route=%2Fwp%2Fv2%2Ftags&post=12687"}],"curies":[{"name":"wp","href":"https:\/\/api.w.org\/{rel}","templated":true}]}}