{"id":12685,"date":"2016-02-03T07:37:35","date_gmt":"2016-02-03T12:37:35","guid":{"rendered":"http:\/\/www.petroamazonas.gob.ec\/?p=4974"},"modified":"2016-02-03T07:37:35","modified_gmt":"2016-02-03T12:37:35","slug":"empresas-publicas-firman-acuerdo-estrategico-con-industria-nacional","status":"publish","type":"post","link":"https:\/\/www.eppetroecuador.ec\/?p=12685","title":{"rendered":"Empresas p\u00fablicas firman acuerdo  estrat\u00e9gico con industria nacional"},"content":{"rendered":"<p>&nbsp;<\/p>\n<p>El Ecuador fomenta y consolida el desarrollo de la industria nacional, a trav\u00e9s de la firma de un convenio entre Empresas P\u00fablicas de los Sectores Estrat\u00e9gicos con empresas privadas y mixtas nacionales. Un paso m\u00e1s en el compromiso del Gobierno Nacional por priorizar la industria nacional.<\/p>\n<p>Este mi\u00e9rcoles 3 de febrero de 2016, m\u00e1s de\u00a022 empresas privadas nacionales firmaron el convenio marco de cooperaci\u00f3n que les permitir\u00e1 intercambiar informaci\u00f3n con el objeto de adquirir a la industria local bombas, v\u00e1lvulas, cables, transformadores, tubos con y sin costura, lo que representar\u00eda hasta el a\u00f1o 2025 compras por m\u00e1s de 1600 millones de d\u00f3lares. Una cifra que podr\u00eda incrementarse en 1 000 millones de d\u00f3lares si se considera la ejecuci\u00f3n de otros proyectos como Refiner\u00eda del Pac\u00edfico.<\/p>\n<p>Este acto de confianza en la empresa nacional privada se desarroll\u00f3 en el Auditorio de Banco Central del Ecuador, en Quito, a las 09:30, y cont\u00f3 con la presencia del vicepresidente de la Rep\u00fablica, Jorge Glas Espinel; del ministro Coordinador de Sectores Estrat\u00e9gicos, Rafael Poveda; otros ministros del gabinete y gerentes de las empresas p\u00fablicas y privadas firmantes.<\/p>\n<p>El ministro Rafael Poveda Bonilla asegur\u00f3 que \u201ceste es un compromiso m\u00e1s del Gobierno Nacional para impulsar la industria nacional\u201d. Esto, considerando que las empresas de Sectores Estrat\u00e9gicos compran en promedio anual 170 millones de d\u00f3lares a las empresas nacionales.<\/p>\n<p>Si bien las empresas p\u00fablicas y mixtas de sectores estrat\u00e9gicos aportar\u00e1n con el volumen de compras, este es un importante desaf\u00edo para la industria nacional en desarrollo tecnol\u00f3gico, aporte de componente nacional e inversi\u00f3n para cumplir con calidad y eficiencia que permita conseguir condiciones de competitividad, dijo el Secretario de Estado.<\/p>\n<p>El Vicepresidente de la Rep\u00fablica recalc\u00f3 que este tambi\u00e9n es un incentivo para la industria privada nacional que tiene como desaf\u00edo el satisfacer la demanda interna con calidad y competitividad. Destac\u00f3 que ello tambi\u00e9n permitir\u00e1 que estas empresas ampl\u00eden su producci\u00f3n para el mercado externo. \u201cEncuentren en m\u00ed al mejor fiscalizador del cumplimiento de estos acuerdos, pues son de cumplimiento obligatorio para las empresas p\u00fablicas\u201d, insisti\u00f3.<\/p>\n<p>El trabajo conjunto a desarrollar permitir\u00e1 incrementar el contenido local en estos segmentos hasta alcanzar un 40 por ciento (lo que representa 3 veces m\u00e1s del promedio de contenido local actual), en el lapso de 10 a\u00f1os. Esto puede incrementarse con la implementaci\u00f3n de las Industrias B\u00e1sicas hasta en un 51 por ciento.<\/p>\n<p>La suscripci\u00f3n del convenio es parte de una serie de acciones que el Gobierno Nacional viene desarrollado para fortalecer la industria, en cumplimiento de las normas vigentes que priorizan el producto nacional, como es otorg\u00e1ndole un 10% adicional como margen de preferencia en el sistema de compras del Servicio de Contrataci\u00f3n de Obras P\u00fablicas.<\/p>\n<p>Eduardo Cisneros, gerente de B&amp;T, quien intervino a nombre de las empresas privadas hizo un llamado para \u201cvencer el miedo de que hay cosas que no podemos hacer. Cuando existe la oportunidad nos adaptamos a las demandas de la industria p\u00fablica\u201d.<\/p>\n<p>El convenio fue suscrito por los gerentes de las empresas p\u00fablicas: Petroamazonas EP, Petroecuador EP, Corporaci\u00f3n Nacional de Electricidad (CNEL-EP), Corporaci\u00f3n El\u00e9ctrica del Ecuador (CELEC-EP), Corporaci\u00f3n Nacional de Telecomunicaciones (CNT), Empresa Nacional Minera (ENAMI), Empresa P\u00fablica del Agua (EPA), Empresa de Econom\u00eda Mixta Operaciones R\u00edo Napo. Mientras que del sector privado firmaron 22 empresas representativas del sector industrial metalmec\u00e1nico del pa\u00eds.<\/p>\n<p>&nbsp;<\/p>\n<p><a href=\"https:\/\/www.flickr.com\/photos\/estrategicosecuador\" target=\"_blank\" rel=\"noopener noreferrer\">Fotos aqu\u00ed:\u00a0<\/a><\/p>\n<p>&nbsp;<\/p>\n<p><strong><em>Direcci\u00f3n de Comunicaci\u00f3n Social.<br \/>\nMinisterio de Coordinaci\u00f3n de los Sectores Estrat\u00e9gicos<\/em><\/strong><\/p>\n<p><strong><em>Contacto: 2660670 ext. 427 &#8211; 425<\/em><\/strong><\/p>\n","protected":false},"excerpt":{"rendered":"<p class=\"excerpt\">&nbsp; El Ecuador fomenta y consolida el desarrollo de la industria nacional, a trav\u00e9s de la firma de un convenio entre Empresas P\u00fablicas de los Sectores Estrat\u00e9gicos con empresas privadas y mixtas nacionales. Un paso m\u00e1s en el compromiso del Gobierno Nacional por priorizar la industria nacional. Este mi\u00e9rcoles 3 de febrero de 2016, m\u00e1s de\u00a022 empresas privadas nacionales firmaron&hellip; <a href=\"https:\/\/www.eppetroecuador.ec\/?p=12685\">Read more &rarr;<\/a><\/p>\n","protected":false},"author":5,"featured_media":0,"comment_status":"open","ping_status":"open","sticky":false,"template":"","format":"standard","meta":[],"categories":[5],"tags":[],"_links":{"self":[{"href":"https:\/\/www.eppetroecuador.ec\/index.php?rest_route=\/wp\/v2\/posts\/12685"}],"collection":[{"href":"https:\/\/www.eppetroecuador.ec\/index.php?rest_route=\/wp\/v2\/posts"}],"about":[{"href":"https:\/\/www.eppetroecuador.ec\/index.php?rest_route=\/wp\/v2\/types\/post"}],"author":[{"embeddable":true,"href":"https:\/\/www.eppetroecuador.ec\/index.php?rest_route=\/wp\/v2\/users\/5"}],"replies":[{"embeddable":true,"href":"https:\/\/www.eppetroecuador.ec\/index.php?rest_route=%2Fwp%2Fv2%2Fcomments&post=12685"}],"version-history":[{"count":0,"href":"https:\/\/www.eppetroecuador.ec\/index.php?rest_route=\/wp\/v2\/posts\/12685\/revisions"}],"wp:attachment":[{"href":"https:\/\/www.eppetroecuador.ec\/index.php?rest_route=%2Fwp%2Fv2%2Fmedia&parent=12685"}],"wp:term":[{"taxonomy":"category","embeddable":true,"href":"https:\/\/www.eppetroecuador.ec\/index.php?rest_route=%2Fwp%2Fv2%2Fcategories&post=12685"},{"taxonomy":"post_tag","embeddable":true,"href":"https:\/\/www.eppetroecuador.ec\/index.php?rest_route=%2Fwp%2Fv2%2Ftags&post=12685"}],"curies":[{"name":"wp","href":"https:\/\/api.w.org\/{rel}","templated":true}]}}