{"id":12683,"date":"2016-01-11T11:24:24","date_gmt":"2016-01-11T16:24:24","guid":{"rendered":"http:\/\/www.petroamazonas.gob.ec\/?p=4881"},"modified":"2016-01-11T11:24:24","modified_gmt":"2016-01-11T16:24:24","slug":"proyectos-canar-y-naranjal-mitigaran-inundaciones-en-cuenca-baja-de-guayas","status":"publish","type":"post","link":"https:\/\/www.eppetroecuador.ec\/?p=12683","title":{"rendered":"Proyectos Ca\u00f1ar y Naranjal mitigar\u00e1n inundaciones en cuenca baja de Guayas"},"content":{"rendered":"<p>Fuente: Ministerio Coordinador de Sectores Estrat\u00e9gicos<\/p>\n<p>Este martes 12 de enero de 2015, el Presidente de la Rep\u00fablica, Rafael Correa Delgado, inaugurar\u00e1 los sistemas de Control de Inundaciones Ca\u00f1ar y Control de Inundaciones Naranjal. El acto se desarrollar\u00e1 a las 10:00, en la Derivadora Ca\u00f1ar, ubicada en el sector Pancho Negro, cant\u00f3n La Troncal, en la provincia de Ca\u00f1ar, y contar\u00e1 con la presencia de los ministros coordinador de Sectores Estrat\u00e9gicos, Rafael Poveda Bonilla; el Secretario del Agua, Carlos Bernal; el Gerente de la Empresa P\u00fablica del Agua, Ra\u00fal S\u00e1nchez, autoridades de la provincia y delegados de las comunidades beneficiadas con el proyecto.<\/p>\n<p>Los sistemas est\u00e1n listos para mitigar las afectaciones causadas por el desborde de los r\u00edos Ca\u00f1ar y Naranjal, complementando el control de inundaciones en la regi\u00f3n sur oriental de la cuenca baja del r\u00edo Guayas, coment\u00f3 el ministro Rafael Poveda Bonilla.<\/p>\n<p>El Secretario de Estado record\u00f3 que estas dos obras son parte de las seis obras h\u00eddricas construidas por el Gobierno Nacional para mitigar los efectos de las inundaciones en inverno y dotar de agua para regad\u00edo durante el verano.<\/p>\n<p>Control de Inundaciones Ca\u00f1ar: Cuenta con 176 km de diques de protecci\u00f3n a lo largo del r\u00edo Ca\u00f1ar, y sus afluentes: Patul, Piedras, Norcay y el Estero Trobador.<\/p>\n<p>Con un total de diez compuertas radiales, la Derivadora Ca\u00f1ar regular\u00e1 hasta 1.500m<sup>3<\/sup>\/s de agua proveniente de las crecidas de este r\u00edo, hacia un Bypass de 23 km de longitud que dispondr\u00e1 de un sedimentador en las lagunas La Lagartera. El sedimentador La Lagartera almacenar\u00e1 14 millones de m<sup>3<\/sup> de agua que podr\u00e1n ser utilizadas para riego.<\/p>\n<p>En la parroquia Puerto Inca encontramos una estaci\u00f3n con tres bombas que extraer\u00e1n un total de 6m<sup>3<\/sup>\/s de agua, evitando que el sector Isla Las Mercedes se inunde a causa del invierno.<\/p>\n<p>Adem\u00e1s, como obra de compensaci\u00f3n social, la Derivadora Ca\u00f1ar consta de un puente de casi 400 m de longitud que facilitar\u00e1 el transporte de productos entre las parroquias Pancho Negro y San Carlos, uniendo los cantones La Troncal y Naranjal.<\/p>\n<p>Con una inversi\u00f3n de USD 227 millones por parte del Gobierno Nacional, el proyecto h\u00eddrico Ca\u00f1ar beneficia 61 mil habitantes, protegiendo 40 mil hect\u00e1reas de los sectores: Pancho Negro, Zhucay, San Antonio, La Sulla, Jes\u00fas Mar\u00eda, Lechugal, Barranco Amarillo, San Mart\u00edn, San Carlos, Puerto Inca, Cacao Loma y El Trapiche; de las provincias de Guayas y Ca\u00f1ar.<\/p>\n<p>Control de Inundaciones Naranjal: Rectificar\u00e1, ampliar\u00e1 y mejorar\u00e1 la capacidad hidr\u00e1ulica del r\u00edo Naranjal, y sus afluentes: El Ca\u00f1as, Jes\u00fas Mar\u00eda, San Francisco, Chacayacu y Bucay; a trav\u00e9s de sus 158 km de diques de protecci\u00f3n.<\/p>\n<p>Esta Megaconstrucci\u00f3n h\u00eddrica tambi\u00e9n favorecer\u00e1 el desarrollo socioecon\u00f3mico del cant\u00f3n Naranjal con la implementaci\u00f3n de siete nuevos puentes en los sectores: Ca\u00f1as, Jes\u00fas Mar\u00eda, Villa Nueva, Santa Rosa de Flandes y Chacayaco.<\/p>\n<p>Con una inversi\u00f3n de USD 118 millones por parte del el Gobierno Nacional, el proyecto h\u00eddrico Naranjal beneficiar\u00e1 a m\u00e1s de 81 mil habitantes, protegiendo 44 mil hect\u00e1reas de las parroquias: Jes\u00fas Mar\u00eda, El Porvenir, El Recreo, Villa Nueva, Santa Rosa de Flandes y Puerto Baquerizo Moreno de la provincia del Guayas.<\/p>\n","protected":false},"excerpt":{"rendered":"<p class=\"excerpt\">Fuente: Ministerio Coordinador de Sectores Estrat\u00e9gicos Este martes 12 de enero de 2015, el Presidente de la Rep\u00fablica, Rafael Correa Delgado, inaugurar\u00e1 los sistemas de Control de Inundaciones Ca\u00f1ar y Control de Inundaciones Naranjal. El acto se desarrollar\u00e1 a las 10:00, en la Derivadora Ca\u00f1ar, ubicada en el sector Pancho Negro, cant\u00f3n La Troncal, en la provincia de Ca\u00f1ar, y&hellip; <a href=\"https:\/\/www.eppetroecuador.ec\/?p=12683\">Read more &rarr;<\/a><\/p>\n","protected":false},"author":5,"featured_media":4882,"comment_status":"open","ping_status":"open","sticky":false,"template":"","format":"standard","meta":[],"categories":[21,5,6],"tags":[],"_links":{"self":[{"href":"https:\/\/www.eppetroecuador.ec\/index.php?rest_route=\/wp\/v2\/posts\/12683"}],"collection":[{"href":"https:\/\/www.eppetroecuador.ec\/index.php?rest_route=\/wp\/v2\/posts"}],"about":[{"href":"https:\/\/www.eppetroecuador.ec\/index.php?rest_route=\/wp\/v2\/types\/post"}],"author":[{"embeddable":true,"href":"https:\/\/www.eppetroecuador.ec\/index.php?rest_route=\/wp\/v2\/users\/5"}],"replies":[{"embeddable":true,"href":"https:\/\/www.eppetroecuador.ec\/index.php?rest_route=%2Fwp%2Fv2%2Fcomments&post=12683"}],"version-history":[{"count":0,"href":"https:\/\/www.eppetroecuador.ec\/index.php?rest_route=\/wp\/v2\/posts\/12683\/revisions"}],"wp:featuredmedia":[{"embeddable":true,"href":"https:\/\/www.eppetroecuador.ec\/index.php?rest_route=\/"}],"wp:attachment":[{"href":"https:\/\/www.eppetroecuador.ec\/index.php?rest_route=%2Fwp%2Fv2%2Fmedia&parent=12683"}],"wp:term":[{"taxonomy":"category","embeddable":true,"href":"https:\/\/www.eppetroecuador.ec\/index.php?rest_route=%2Fwp%2Fv2%2Fcategories&post=12683"},{"taxonomy":"post_tag","embeddable":true,"href":"https:\/\/www.eppetroecuador.ec\/index.php?rest_route=%2Fwp%2Fv2%2Ftags&post=12683"}],"curies":[{"name":"wp","href":"https:\/\/api.w.org\/{rel}","templated":true}]}}