{"id":12679,"date":"2015-12-23T22:30:47","date_gmt":"2015-12-24T03:30:47","guid":{"rendered":"http:\/\/www.petroamazonas.gob.ec\/?p=4831"},"modified":"2015-12-23T22:30:47","modified_gmt":"2015-12-24T03:30:47","slug":"presidente-correa-oficializa-al-ingeniero-carlos-pareja-como-ministro-de-hidrocarburos","status":"publish","type":"post","link":"https:\/\/www.eppetroecuador.ec\/?p=12679","title":{"rendered":"Presidente Correa oficializa al Ingeniero Carlos Pareja como Ministro de Hidrocarburos"},"content":{"rendered":"<div class=\"c-ReadMessage\" data-link=\"class{readMessageClass: ~tag.Show}\">\n<div id=\"ReadMessageScrollableSection\" class=\"rmMessages ClearBoth\" tabindex=\"-1\">\n<div id=\"readMessagePartControl814f\" class=\"c-ReadMessagePart ReadMsgContainer HasLayout ClearBoth HideShadows FullPart NoHistory Read RmIc\" data-link=\"class{:~tag.getHeaderCssClass(IsConversationPart, IsRead, IsDraft, IsTrustedSender, Items.length)}\">\n<div class=\"c-ReadMessagePartBody\" data-link=\"class{getClass:IsBodyExpanded}\">\n<div class=\"readMsgBody\">\n<div id=\"bodyreadMessagePartBodyControl816f\" class=\"ExternalClass MsgBodyContainer\" data-link=\"class{:~tag.cssClasses(PlainText, IsContentFiltered)}\">\n<div dir=\"ltr\">\n<p class=\"ecxMsoNormal\">Durante un acto formal realizado en el Sal\u00f3n Amarillo del Palacio de Carondelet la noche de este 23 de diciembre, el presidente de la Rep\u00fablica, Rafael Correa Delgado, posesion\u00f3 oficialmente al Ing. Carlos Pareja como Ministro de Hidrocarburos. El Ingeniero Pareja se ven\u00eda desempe\u00f1ando en el cargo desde el pasado 13 de noviembre, luego de la publicaci\u00f3n del Decreto Ejecutivo 815, firmado por el Presidente de la Rep\u00fablica, donde se le design\u00f3 como nuevo Ministro de Hidrocarburos.<\/p>\n<p class=\"ecxMsoNormal\">Luego de la posesi\u00f3n, intervino el Primer Mandatario y agradeci\u00f3 al Ministro Pareja por ser pieza clave de uno de los proyectos estrat\u00e9gicos m\u00e1s grandes ejecutados por el Gobierno de la Revoluci\u00f3n Ciudadana, como es la Rehabilitaci\u00f3n de la Refiner\u00eda Esmeraldas, inaugurada el pasado 17 de diciembre. \u201cLa renovada Refiner\u00eda Esmeraldas nos permitir\u00e1 ahorrar 300 millones al a\u00f1o\u201d, indic\u00f3.<\/p>\n<p class=\"ecxMsoNormal\">Adem\u00e1s, \u00a0el Presidente recalc\u00f3 que la firma con la empresa Schlumberger demuestra la confianza que tienen los inversionistas extranjeros en el sector petrolero ecuatoriano.<\/p>\n<p class=\"ecxMsoNormal\">Adicionalmente, el Presidente de la Rep\u00fablica dijo que el compromiso de los Ministros posesionados deber ser principalmente con el pueblo ecuatoriano. \u201cCompa\u00f1eros bienvenidos a este equipo de Gobierno\u201d, dijo.<\/p>\n<p class=\"ecxMsoNormal\">La ministra de Salud, Margarita Guevara, quien habl\u00f3 en representaci\u00f3n de los ministros entrantes, agradeci\u00f3 al Presidente por su labor en favor de la patria. \u201cSabemos que la tarea contin\u00faa, nos comprometemos con alegr\u00eda a trabajar con m\u00edstica y servicio\u201d, agreg\u00f3.<\/p>\n<p class=\"ecxMsoNormal\">En total, 11 Ministros \u00a0y Secretarios de Estado fueron posesionados este 23 de diciembre. Adem\u00e1s del Ministro Pareja, se oficializ\u00f3 en los cargos a Patricio Barriga como Secretario de Comunicaci\u00f3n, Fernando Alvarado como Ministro de Turismo, Xavier Enderica como Ministro de Deporte, \u00a0entre otros.<\/p>\n<p><iframe loading=\"lazy\" width=\"750\" height=\"422\" src=\"https:\/\/www.youtube.com\/embed\/fWyfzyyX8t0?feature=oembed\" frameborder=\"0\" allow=\"autoplay; encrypted-media\" allowfullscreen><\/iframe><\/p>\n<\/div>\n<\/div>\n<\/div>\n<\/div>\n<\/div>\n<\/div>\n<\/div>\n","protected":false},"excerpt":{"rendered":"<p class=\"excerpt\">Durante un acto formal realizado en el Sal\u00f3n Amarillo del Palacio de Carondelet la noche de este 23 de diciembre, el presidente de la Rep\u00fablica, Rafael Correa Delgado, posesion\u00f3 oficialmente al Ing. Carlos Pareja como Ministro de Hidrocarburos. El Ingeniero Pareja se ven\u00eda desempe\u00f1ando en el cargo desde el pasado 13 de noviembre, luego de la publicaci\u00f3n del Decreto Ejecutivo&hellip; <a href=\"https:\/\/www.eppetroecuador.ec\/?p=12679\">Read more &rarr;<\/a><\/p>\n","protected":false},"author":5,"featured_media":0,"comment_status":"open","ping_status":"open","sticky":false,"template":"","format":"standard","meta":[],"categories":[5],"tags":[],"_links":{"self":[{"href":"https:\/\/www.eppetroecuador.ec\/index.php?rest_route=\/wp\/v2\/posts\/12679"}],"collection":[{"href":"https:\/\/www.eppetroecuador.ec\/index.php?rest_route=\/wp\/v2\/posts"}],"about":[{"href":"https:\/\/www.eppetroecuador.ec\/index.php?rest_route=\/wp\/v2\/types\/post"}],"author":[{"embeddable":true,"href":"https:\/\/www.eppetroecuador.ec\/index.php?rest_route=\/wp\/v2\/users\/5"}],"replies":[{"embeddable":true,"href":"https:\/\/www.eppetroecuador.ec\/index.php?rest_route=%2Fwp%2Fv2%2Fcomments&post=12679"}],"version-history":[{"count":0,"href":"https:\/\/www.eppetroecuador.ec\/index.php?rest_route=\/wp\/v2\/posts\/12679\/revisions"}],"wp:attachment":[{"href":"https:\/\/www.eppetroecuador.ec\/index.php?rest_route=%2Fwp%2Fv2%2Fmedia&parent=12679"}],"wp:term":[{"taxonomy":"category","embeddable":true,"href":"https:\/\/www.eppetroecuador.ec\/index.php?rest_route=%2Fwp%2Fv2%2Fcategories&post=12679"},{"taxonomy":"post_tag","embeddable":true,"href":"https:\/\/www.eppetroecuador.ec\/index.php?rest_route=%2Fwp%2Fv2%2Ftags&post=12679"}],"curies":[{"name":"wp","href":"https:\/\/api.w.org\/{rel}","templated":true}]}}