{"id":12665,"date":"2015-10-27T16:43:53","date_gmt":"2015-10-27T21:43:53","guid":{"rendered":"http:\/\/www.petroamazonas.gob.ec\/?p=4599"},"modified":"2015-10-27T16:43:53","modified_gmt":"2015-10-27T21:43:53","slug":"ecuador-expone-al-mundo-las-oportunidades-para-invertir-en-sectores-estrategicos","status":"publish","type":"post","link":"https:\/\/www.eppetroecuador.ec\/?p=12665","title":{"rendered":"Ecuador expone al mundo las oportunidades para invertir en Sectores Estrat\u00e9gicos"},"content":{"rendered":"<p><strong>Quito, 27 de octubre de 2015<\/strong><\/p>\n<p><strong>DCS-089-2015<\/strong><\/p>\n<p><strong>BOLET\u00cdN DE PRENSA <\/strong><\/p>\n<p>&nbsp;<\/p>\n<p>Con la presencia de m\u00e1s de 600 representantes de empresas nacionales, internacionales, de bancos e inversionistas de talla mundial, se lleva a cabo, en la ciudad de Quito, el Foro de Inversiones Estrat\u00e9gicas Ecuador 2015, evento que tiene como objetivo presentar m\u00e1s de 90 proyectos estrat\u00e9gicos por un monto de 37 mil millones de d\u00f3lares.<\/p>\n<p>&nbsp;<\/p>\n<p>En la inauguraci\u00f3n de este evento estuvieron presentes el Vicepresidente de la Rep\u00fablica Jorge Glas Espinel; el ministro Coordinador de Sectores Estrat\u00e9gicos Rafael Poveda Bonilla; el ministro Coordinador de la Producci\u00f3n, Empleo y Competitividad, Vinicio Alvarado; de Telecomunicaciones Augusto Esp\u00edn, de Miner\u00eda Javier C\u00f3rdova, de Electricidad y Energ\u00eda Renovable, Esteban Albornoz, y el viceministro de Hidrocarburos Ernesto Grijalva, entre otras autoridades.<\/p>\n<p>&nbsp;<\/p>\n<p>En su intervenci\u00f3n, el ministro Poveda manifest\u00f3 su orgullo de vivir en Ecuador un pa\u00eds inclusivo, que genera oportunidades para todos; un pa\u00eds con abundantes recursos naturales, como petrolero, minerales, recursos h\u00eddricos, con estabilidad pol\u00edtica, econ\u00f3mica, social y sobre todo un pa\u00eds con legitimidad.<\/p>\n<p>&nbsp;<\/p>\n<p>Destac\u00f3 a los inversionistas presentes, que Ecuador cuenta con una infraestructura de primer nivel mundial, carreteras, puertos, aeropuertos, y con la matriz el\u00e9ctrica m\u00e1s limpia y eficiente del mundo, que utiliza agua, recurso estrat\u00e9gico para producir energ\u00eda.<\/p>\n<p>&nbsp;<\/p>\n<p>Reconoci\u00f3 que con muchos de los inversionistas presentes el pa\u00eds ha trabajado estos a\u00f1os, y eso ha hecho que se pueda entender y priorizar necesidades, revisando leyes y reglamentos, contratos, explicando proyectos, modelos financieros, casos de negocio, sistemas de garant\u00edas y formas de resolver eventuales conflictos.<\/p>\n<p>&nbsp;<\/p>\n<p>\u201cHoy les presentamos m\u00e1s de 90 proyectos, 25 nuevas \u00e1reas de exploraci\u00f3n minera, 13 proyectos hidroel\u00e9ctricos y geot\u00e9rmicos, 17 bloques petroleros, 6 industrias b\u00e1sicas, 3 proyectos multiprop\u00f3sito, proyectos de biocombustibles y muchos otros\u201d, finaliz\u00f3.<\/p>\n<p>&nbsp;<\/p>\n<p>Por su parte el Vicepresidente de la Rep\u00fablica, Jorge Glas Espinel, inform\u00f3 que se ha trabajado con mucha fuerza para crear las condiciones habilitantes que permiten que el pa\u00eds sea atractivo para la inversi\u00f3n,\u00a0\u00a0 con suficiente energ\u00eda, conectividad puertos y aeropuertos \u201ctenemos grandes compromisos, la industrializaci\u00f3n es la estrategia del cambio de la matriz productiva\u201d.<\/p>\n<p>&nbsp;<\/p>\n<p>\u201cYa es momento que los nuevos modelos de desarrollo privilegien el uso de energ\u00eda renovable, tiene que haber un cambio en el uso de energ\u00eda y en Ecuador hemos resuelto este tema con la construcci\u00f3n de 8 hidroel\u00e9ctricas\u201d, indic\u00f3.<\/p>\n<p>&nbsp;<\/p>\n<p>El Vicepresidente Jorge Glas dijo que la apuesta por la educaci\u00f3n en el Ecuador en fundamental, \u201ctenemos que ser los due\u00f1os de la tecnolog\u00eda, hay que generar un proceso de mejoramiento del talento humano, hacer nuestra propia tecnolog\u00eda es posible\u201d, enfatiz\u00f3.<\/p>\n<p>&nbsp;<\/p>\n<p>El Ministro Vinicio Alvarado, destac\u00f3 que Ecuador ha dado grandes pasos y en poco tiempo de manera estrat\u00e9gica y equilibrada \u201choy contamos con acceso igualitario a la educaci\u00f3n, al trabajo digno y estable, a la seguridad social, contamos con ventajas competitivas, infraestructura de primer nivel, podemos decir que somos un pa\u00eds de oportunidades\u201d, mencion\u00f3.<\/p>\n<p>&nbsp;<\/p>\n<p><strong>Visi\u00f3n de largo plazo permitir\u00e1 captar inversiones al Ecuador<\/strong><br \/>\nEl primer Foro de Inversiones Estrat\u00e9gicas Ecuador 2015 inici\u00f3 con la participaci\u00f3n del Director General de PetroBal, M\u00e9xico, Carlos Morales Gil, quien analiz\u00f3 las condiciones necesarias desde la perspectiva de la empresa privada para captar inversiones por parte de Ecuador en el sector hidrocarburos.<br \/>\nEl titular de PetroBal reconoci\u00f3 que Ecuador ostenta experiencia en el manejo de distintas modalidades de contratos con inversionistas, lo que se traduce en mecanismos para que el Estado pueda captar renta de sus recursos naturales a tiempo de promover justos retornos para las inversiones.<\/p>\n<p>&nbsp;<\/p>\n<p>Jaime Brito, vicepresidente de Desarrollo de Negocios en Am\u00e9rica Latina \u2013 ARGUS MEDIA, refiri\u00f3 algunas cifras sobre producci\u00f3n, refinaci\u00f3n y consumo de petr\u00f3leo a escala mundial.<br \/>\nExplic\u00f3 adem\u00e1s cu\u00e1les son las relaciones dominantes entre los principales productores del mundo y en su an\u00e1lisis dijo que Rusia es el productor que m\u00e1s ha aumentado en este per\u00edodo, mientras que destac\u00f3 que Ecuador sale con innovaci\u00f3n\u00a0 y apertura a la b\u00fasqueda de inversiones en sus sectores estrat\u00e9gicos.<br \/>\nLa jornada continuar\u00e1 hasta las 18h00, en donde se trabajar\u00e1 en mesas de proyectos estrat\u00e9gicos, conducidas por los ministros sectoriales, las ruedas de negocios y conferencias de ENAEP, a cargo de expositores de renombre como Nathan Monash, David Dickert, Kevin Houston, entre otros.<\/p>\n<p>&nbsp;<\/p>\n<p><a href=\"https:\/\/www.flickr.com\/photos\/estrategicosecuador\/\" target=\"_blank\" rel=\"noopener noreferrer\">ENLACE A BANCO FOTOGR\u00c1FICO<\/a><\/p>\n<p><strong><em>\u00a0<\/em><\/strong><\/p>\n<p><strong><em>Direcci\u00f3n de Comunicaci\u00f3n Social.<br \/>\nMinisterio de Coordinaci\u00f3n de los Sectores Estrat\u00e9gicos<\/em><\/strong><\/p>\n<p><strong><em>Contacto: 2660670 ext. 427 &#8211; 425<\/em><\/strong><\/p>\n","protected":false},"excerpt":{"rendered":"<p class=\"excerpt\">Quito, 27 de octubre de 2015 DCS-089-2015 BOLET\u00cdN DE PRENSA &nbsp; Con la presencia de m\u00e1s de 600 representantes de empresas nacionales, internacionales, de bancos e inversionistas de talla mundial, se lleva a cabo, en la ciudad de Quito, el Foro de Inversiones Estrat\u00e9gicas Ecuador 2015, evento que tiene como objetivo presentar m\u00e1s de 90 proyectos estrat\u00e9gicos por un monto&hellip; <a href=\"https:\/\/www.eppetroecuador.ec\/?p=12665\">Read more &rarr;<\/a><\/p>\n","protected":false},"author":5,"featured_media":0,"comment_status":"open","ping_status":"open","sticky":false,"template":"","format":"standard","meta":[],"categories":[5],"tags":[],"_links":{"self":[{"href":"https:\/\/www.eppetroecuador.ec\/index.php?rest_route=\/wp\/v2\/posts\/12665"}],"collection":[{"href":"https:\/\/www.eppetroecuador.ec\/index.php?rest_route=\/wp\/v2\/posts"}],"about":[{"href":"https:\/\/www.eppetroecuador.ec\/index.php?rest_route=\/wp\/v2\/types\/post"}],"author":[{"embeddable":true,"href":"https:\/\/www.eppetroecuador.ec\/index.php?rest_route=\/wp\/v2\/users\/5"}],"replies":[{"embeddable":true,"href":"https:\/\/www.eppetroecuador.ec\/index.php?rest_route=%2Fwp%2Fv2%2Fcomments&post=12665"}],"version-history":[{"count":0,"href":"https:\/\/www.eppetroecuador.ec\/index.php?rest_route=\/wp\/v2\/posts\/12665\/revisions"}],"wp:attachment":[{"href":"https:\/\/www.eppetroecuador.ec\/index.php?rest_route=%2Fwp%2Fv2%2Fmedia&parent=12665"}],"wp:term":[{"taxonomy":"category","embeddable":true,"href":"https:\/\/www.eppetroecuador.ec\/index.php?rest_route=%2Fwp%2Fv2%2Fcategories&post=12665"},{"taxonomy":"post_tag","embeddable":true,"href":"https:\/\/www.eppetroecuador.ec\/index.php?rest_route=%2Fwp%2Fv2%2Ftags&post=12665"}],"curies":[{"name":"wp","href":"https:\/\/api.w.org\/{rel}","templated":true}]}}