{"id":12652,"date":"2015-04-24T14:54:12","date_gmt":"2015-04-24T19:54:12","guid":{"rendered":"http:\/\/www.petroamazonas.gob.ec\/?p=4168"},"modified":"2015-04-24T14:54:12","modified_gmt":"2015-04-24T19:54:12","slug":"moradores-de-la-comunidad-la-primavera-reciben-infraestructura-para-capacitacion-agricola","status":"publish","type":"post","link":"https:\/\/www.eppetroecuador.ec\/?p=12652","title":{"rendered":"Moradores de la comunidad La Primavera reciben infraestructura para capacitaci\u00f3n agr\u00edcola"},"content":{"rendered":"<p>Petroamazonas EP cumpli\u00f3 un acuerdo de Compensaci\u00f3n Social suscrito con la Comunidad la Primavera con la entrega de un Centro de Capacitaci\u00f3n en materia agr\u00edcola\u00a0 y de comercializaci\u00f3n, que beneficia a unas 400 familias de la zona dedicadas a la producci\u00f3n de\u00a0 cacao, caf\u00e9, piscicultura y cultivos de ciclo corto.<\/p>\n<p>El centro de capacitaci\u00f3n tiene un \u00e1rea de construcci\u00f3n de 535 metros cuadrados y cuenta con un aula de uso m\u00faltiple equipada con aire acondicionado, bater\u00edas sanitarias y obras complementarias como aceras, rampa, patio.<\/p>\n<p>\u201cComo Petroamazonas EP nos complace entregar esta obra de compensaci\u00f3n que beneficia de manera directa a los comuneros y que aportar\u00e1 al mejoramiento de sus cultivos, fortaleciendo conocimientos mediante la capacitaci\u00f3n\u201d, dijo Jos\u00e9 L\u00f3pez, gerente de Responsabilidad Social y Relaciones Comunitarias durante el acto de inauguraci\u00f3n de la obra.<\/p>\n<p>La Primavera es una comunidad del cant\u00f3n Shushufindi, \u00e1rea de influencia del Bloque 57, esta infraestructura beneficia, adem\u00e1s, a las comunidades \u201828 de Marzo\u2019, Vencedores, La Paz y \u201811 de Julio\u2019.<\/p>\n<p>Los beneficiarios pertenecen a una asociaci\u00f3n de cacaoteros que ampliar\u00e1n conocimientos t\u00e9cnicos en manejo de cacaotales, fermentaci\u00f3n y comercializaci\u00f3n de su producto.<\/p>\n<p>Jhony Jaramillo, presidente de la Organizaci\u00f3n Artesanal La Primavera, manifest\u00f3 su satisfacci\u00f3n por la entrega de esta obra, ejecutada por la Gerencia de Responsabilidad Social y Relaciones Comunitarias, \u00a0que permiten a la Comunidad, adem\u00e1s, trabajar temas de Derechos Humanos.<\/p>\n<p>El Programa de Relaciones Comunitarias (PRC) trabaja con 371 comunidades en las zonas de influencia de los proyectos de Petroamazonas EP y se ejecuta con el objetivo de establecer nexos de sana convivencia y de mutuo beneficio.<\/p>\n<p><img decoding=\"async\" loading=\"lazy\" class=\"alignnone wp-image-4170\" src=\"http:\/\/www.petroamazonas.gob.ec\/wp-content\/uploads\/2015\/04\/alumnos-300x139.jpg\" alt=\"alumnos\" width=\"599\" height=\"279\" \/><\/p>\n<p>El PRC aplica una estrategia integral de sus actividades con la comunidad, en los componentes:\u00a0 Salud, Revalorizaci\u00f3n cultural, Proyectos productivos, Infraestructura- Equipamiento comunitario y Derechos Humanos.<\/p>\n<p>En 2014, Petroamazonas EP implement\u00f3 4.126 sistemas de avicultura familiar; 1.365 hect\u00e1reas de nuevos huertos de ma\u00edz; 858 sistemas de piscicultura familiar; 264 hect\u00e1reas de nuevos huertos de caf\u00e9 y 173 hect\u00e1reas de nuevos huertos de cacao.<\/p>\n<p>En ese a\u00f1o se impartieron 14.080 horas\/hombre en capacitaciones de temas de prevenci\u00f3n de la explotaci\u00f3n sexual de ni\u00f1as, ni\u00f1os y adolescentes, erradicaci\u00f3n del trabajo infantil, entre otros.<\/p>\n<div id=\"attachment_4171\" style=\"width: 611px\" class=\"wp-caption alignnone\"><img aria-describedby=\"caption-attachment-4171\" decoding=\"async\" loading=\"lazy\" class=\"wp-image-4171\" src=\"http:\/\/www.petroamazonas.gob.ec\/wp-content\/uploads\/2015\/04\/exteriores-300x139.jpg\" alt=\"Exteriores del Centro de Capacitaci\u00f3n entregado por Petroamazonas EP a la Comunidad La Primavera ubicada en el Cant\u00f3n Shushufindi, Sucumb\u00edos.\" width=\"601\" height=\"279\" \/><p id=\"caption-attachment-4171\" class=\"wp-caption-text\">Exteriores del Centro de Capacitaci\u00f3n entregado por Petroamazonas EP a la Comunidad La Primavera ubicada en el Cant\u00f3n Shushufindi, Sucumb\u00edos.<\/p><\/div>\n","protected":false},"excerpt":{"rendered":"<p class=\"excerpt\">Petroamazonas EP cumpli\u00f3 un acuerdo de Compensaci\u00f3n Social suscrito con la Comunidad la Primavera con la entrega de un Centro de Capacitaci\u00f3n en materia agr\u00edcola\u00a0 y de comercializaci\u00f3n, que beneficia a unas 400 familias de la zona dedicadas a la producci\u00f3n de\u00a0 cacao, caf\u00e9, piscicultura y cultivos de ciclo corto. El centro de capacitaci\u00f3n tiene un \u00e1rea de construcci\u00f3n de&hellip; <a href=\"https:\/\/www.eppetroecuador.ec\/?p=12652\">Read more &rarr;<\/a><\/p>\n","protected":false},"author":5,"featured_media":4169,"comment_status":"open","ping_status":"open","sticky":false,"template":"","format":"standard","meta":[],"categories":[5],"tags":[],"_links":{"self":[{"href":"https:\/\/www.eppetroecuador.ec\/index.php?rest_route=\/wp\/v2\/posts\/12652"}],"collection":[{"href":"https:\/\/www.eppetroecuador.ec\/index.php?rest_route=\/wp\/v2\/posts"}],"about":[{"href":"https:\/\/www.eppetroecuador.ec\/index.php?rest_route=\/wp\/v2\/types\/post"}],"author":[{"embeddable":true,"href":"https:\/\/www.eppetroecuador.ec\/index.php?rest_route=\/wp\/v2\/users\/5"}],"replies":[{"embeddable":true,"href":"https:\/\/www.eppetroecuador.ec\/index.php?rest_route=%2Fwp%2Fv2%2Fcomments&post=12652"}],"version-history":[{"count":0,"href":"https:\/\/www.eppetroecuador.ec\/index.php?rest_route=\/wp\/v2\/posts\/12652\/revisions"}],"wp:featuredmedia":[{"embeddable":true,"href":"https:\/\/www.eppetroecuador.ec\/index.php?rest_route=\/"}],"wp:attachment":[{"href":"https:\/\/www.eppetroecuador.ec\/index.php?rest_route=%2Fwp%2Fv2%2Fmedia&parent=12652"}],"wp:term":[{"taxonomy":"category","embeddable":true,"href":"https:\/\/www.eppetroecuador.ec\/index.php?rest_route=%2Fwp%2Fv2%2Fcategories&post=12652"},{"taxonomy":"post_tag","embeddable":true,"href":"https:\/\/www.eppetroecuador.ec\/index.php?rest_route=%2Fwp%2Fv2%2Ftags&post=12652"}],"curies":[{"name":"wp","href":"https:\/\/api.w.org\/{rel}","templated":true}]}}