{"id":12646,"date":"2015-01-12T12:37:47","date_gmt":"2015-01-12T17:37:47","guid":{"rendered":"http:\/\/www.petroamazonas.gob.ec\/?p=3720"},"modified":"2015-01-12T12:37:47","modified_gmt":"2015-01-12T17:37:47","slug":"memoria-sostenibilidad-2013","status":"publish","type":"post","link":"https:\/\/www.eppetroecuador.ec\/?p=12646","title":{"rendered":"Petroamazonas EP desarroll\u00f3 su Memoria de Sostenibilidad"},"content":{"rendered":"<p>Petroamazonas EP cumple un nuevo hito en su af\u00e1n por compartir el trabajo social, en forma cualitativa y cuantitativa, con la ciudadan\u00eda por primera vez la empresa presenta su Memoria de Sostenibilidad, un esfuerzo liderado por el equipo de la Gerencia de Responsabilidad Social y Relaciones Comunitarias, que se concret\u00f3 el pasado mes de diciembre.<\/p>\n<p>La Memoria fue realizada bajo los lineamientos del \u00a0GRI versi\u00f3n 3.1 y en base a la norma ISO 26000:2010.<\/p>\n<p>Esta publicaci\u00f3n es un documento p\u00fablico, que resume, en 103 p\u00e1ginas la gesti\u00f3n realizada por la empresa, en pol\u00edticas sociales y desarrollo hidrocarbur\u00edfero, en beneficio de las y los ecuatorianos.<\/p>\n<p>A trav\u00e9s del link adjunto, les invitamos a revisar este valioso aporte que les permitir\u00e1 conocer c\u00f3mo Petroamazonas ha plasmado su misi\u00f3n y visi\u00f3n en hechos reales, que han beneficiado a cientos de ciudadanos de nuestras zonas de influencia.<\/p>\n<p>&nbsp;<\/p>\n<p><a href=\"http:\/\/www.petroamazonas.gob.ec\/wp-content\/uploads\/downloads\/2014\/12\/MEMORIA_SOSTENIBILIDAD_PETROAMAZONAS_2013.pdf\"><img decoding=\"async\" loading=\"lazy\" class=\"alignnone size-full wp-image-3546\" src=\"http:\/\/www.petroamazonas.gob.ec\/wp-content\/uploads\/2014\/08\/icono-pdf-e1408457017171.jpg\" alt=\"icono-pdf\" width=\"30\" height=\"30\" \/>\u00a0Descarga el documento\u00a0<\/a><\/p>\n","protected":false},"excerpt":{"rendered":"<p class=\"excerpt\">Petroamazonas EP cumple un nuevo hito en su af\u00e1n por compartir el trabajo social, en forma cualitativa y cuantitativa, con la ciudadan\u00eda por primera vez la empresa presenta su Memoria de Sostenibilidad, un esfuerzo liderado por el equipo de la Gerencia de Responsabilidad Social y Relaciones Comunitarias, que se concret\u00f3 el pasado mes de diciembre. La Memoria fue realizada bajo&hellip; <a href=\"https:\/\/www.eppetroecuador.ec\/?p=12646\">Read more &rarr;<\/a><\/p>\n","protected":false},"author":5,"featured_media":0,"comment_status":"open","ping_status":"open","sticky":false,"template":"","format":"standard","meta":[],"categories":[21,5,6],"tags":[],"_links":{"self":[{"href":"https:\/\/www.eppetroecuador.ec\/index.php?rest_route=\/wp\/v2\/posts\/12646"}],"collection":[{"href":"https:\/\/www.eppetroecuador.ec\/index.php?rest_route=\/wp\/v2\/posts"}],"about":[{"href":"https:\/\/www.eppetroecuador.ec\/index.php?rest_route=\/wp\/v2\/types\/post"}],"author":[{"embeddable":true,"href":"https:\/\/www.eppetroecuador.ec\/index.php?rest_route=\/wp\/v2\/users\/5"}],"replies":[{"embeddable":true,"href":"https:\/\/www.eppetroecuador.ec\/index.php?rest_route=%2Fwp%2Fv2%2Fcomments&post=12646"}],"version-history":[{"count":0,"href":"https:\/\/www.eppetroecuador.ec\/index.php?rest_route=\/wp\/v2\/posts\/12646\/revisions"}],"wp:attachment":[{"href":"https:\/\/www.eppetroecuador.ec\/index.php?rest_route=%2Fwp%2Fv2%2Fmedia&parent=12646"}],"wp:term":[{"taxonomy":"category","embeddable":true,"href":"https:\/\/www.eppetroecuador.ec\/index.php?rest_route=%2Fwp%2Fv2%2Fcategories&post=12646"},{"taxonomy":"post_tag","embeddable":true,"href":"https:\/\/www.eppetroecuador.ec\/index.php?rest_route=%2Fwp%2Fv2%2Ftags&post=12646"}],"curies":[{"name":"wp","href":"https:\/\/api.w.org\/{rel}","templated":true}]}}